{"id":73709,"date":"2015-08-07T11:42:24","date_gmt":"2015-08-07T14:42:24","guid":{"rendered":"http:\/\/www.redenoticia.com.br\/noticia\/?p=73709"},"modified":"2015-08-07T11:42:24","modified_gmt":"2015-08-07T14:42:24","slug":"inflacao-acumulada-em-sete-meses-atinge-683-a-maior-para-o-periodo-desde-2003","status":"publish","type":"post","link":"https:\/\/migracao.redenoticia.com.br\/noticia\/2015\/inflacao-acumulada-em-sete-meses-atinge-683-a-maior-para-o-periodo-desde-2003\/73709","title":{"rendered":"Infla\u00e7\u00e3o acumulada em sete meses atinge 6,83%, a maior para o per\u00edodo desde 2003"},"content":{"rendered":"<p> A <strong><em>infla\u00e7\u00e3o<\/em><\/strong> medida pelo \u00cdndice Nacional de Pre\u00e7os ao Consumidor Amplo (IPCA) registrou &#8211; no acumulado dos \u00faltimos doze meses &#8211; o \u00edndice de 9,56%, informou o Instituto Brasileiro de Geografia e Estat\u00edstica (IBGE). O IPCA acumula nos primeiros sete meses do ano eleva\u00e7\u00e3o de 6,83%, acima da taxa de 3,76% de igual per\u00edodo de 2014, registrando o \u00edndice mais elevado para o per\u00edodo de janeiro a julho desde 2003, quando a taxa alcan\u00e7ou 6,85%.<\/p>\n<p> A taxa de 9,56%, correspondente ao per\u00edodo de um ano, ficou acima dos 12 meses imediatamente anteriores, quando o acumulado atingiu 8,89%. Esse foi o total acumulado em 12 meses mais elevado desde novembro de 2003, quando atingiu 11,02%.<\/p>\n<p>Em julho deste ano a alta do IPCA foi 0,62%, resultado 0,17 ponto percentual inferior \u00e0 taxa de 0,79% da varia\u00e7\u00e3o de junho.<\/p>\n<p>O IPCA \u2013 produzido pelo IBGE \u2013 \u00e9 o indicador oficial do governo para aferi\u00e7\u00e3o das metas inflacion\u00e1rias. O \u00edndice mede a varia\u00e7\u00e3o do custo de vida das fam\u00edlias com chefes assalariados e com rendimento mensal entre um e 40 sal\u00e1rios m\u00ednimos.<\/p>\n<p>Os dados foram divulgados pelo IBGE e indicam que a varia\u00e7\u00e3o de julho foi a mais alta para o m\u00eas desde 2004, quando atingiu 0,91%.<\/p>\n<p>Nielmar de Oliveira \u2013 Rep\u00f3rter da Ag\u00eancia Brasil<br \/>\nEdi\u00e7\u00e3o: Jos\u00e9 Romildo<\/p>\n","protected":false},"excerpt":{"rendered":"<p>A infla\u00e7\u00e3o medida pelo \u00cdndice Nacional de Pre\u00e7os ao Consumidor Amplo (IPCA) registrou &#8211; no acumulado dos \u00faltimos doze meses &#8211; o \u00edndice de 9,56%, informou o Instituto Brasileiro de Geografia e Estat\u00edstica (IBGE). O IPCA acumula nos primeiros sete meses do ano eleva\u00e7\u00e3o de 6,83%, acima da taxa de 3,76% de igual per\u00edodo de [&hellip;]<\/p>\n","protected":false},"author":2,"featured_media":57584,"comment_status":"open","ping_status":"closed","sticky":false,"template":"","format":"standard","meta":{"tdm_status":"","tdm_grid_status":"","footnotes":""},"categories":[22,7],"tags":[],"class_list":{"0":"post-73709","1":"post","2":"type-post","3":"status-publish","4":"format-standard","5":"has-post-thumbnail","7":"category-brasil","8":"category-economia"},"_links":{"self":[{"href":"https:\/\/migracao.redenoticia.com.br\/noticia\/wp-json\/wp\/v2\/posts\/73709","targetHints":{"allow":["GET"]}}],"collection":[{"href":"https:\/\/migracao.redenoticia.com.br\/noticia\/wp-json\/wp\/v2\/posts"}],"about":[{"href":"https:\/\/migracao.redenoticia.com.br\/noticia\/wp-json\/wp\/v2\/types\/post"}],"author":[{"embeddable":true,"href":"https:\/\/migracao.redenoticia.com.br\/noticia\/wp-json\/wp\/v2\/users\/2"}],"replies":[{"embeddable":true,"href":"https:\/\/migracao.redenoticia.com.br\/noticia\/wp-json\/wp\/v2\/comments?post=73709"}],"version-history":[{"count":0,"href":"https:\/\/migracao.redenoticia.com.br\/noticia\/wp-json\/wp\/v2\/posts\/73709\/revisions"}],"wp:featuredmedia":[{"embeddable":true,"href":"https:\/\/migracao.redenoticia.com.br\/noticia\/wp-json\/wp\/v2\/media\/57584"}],"wp:attachment":[{"href":"https:\/\/migracao.redenoticia.com.br\/noticia\/wp-json\/wp\/v2\/media?parent=73709"}],"wp:term":[{"taxonomy":"category","embeddable":true,"href":"https:\/\/migracao.redenoticia.com.br\/noticia\/wp-json\/wp\/v2\/categories?post=73709"},{"taxonomy":"post_tag","embeddable":true,"href":"https:\/\/migracao.redenoticia.com.br\/noticia\/wp-json\/wp\/v2\/tags?post=73709"}],"curies":[{"name":"wp","href":"https:\/\/api.w.org\/{rel}","templated":true}]}}