{"id":738,"date":"2009-04-21T18:00:08","date_gmt":"2009-04-21T22:00:08","guid":{"rendered":"http:\/\/www.redenoticia.com.br\/noticia\/2009\/04\/cmara-de-vereadores-nilton-cezar-convocar-imprensa-para-prestar-contas\/"},"modified":"2009-04-21T18:00:08","modified_gmt":"2009-04-21T22:00:08","slug":"cmara-de-vereadores-nilton-cezar-convocar-imprensa-para-prestar-contas","status":"publish","type":"post","link":"https:\/\/migracao.redenoticia.com.br\/noticia\/2009\/cmara-de-vereadores-nilton-cezar-convocar-imprensa-para-prestar-contas\/738","title":{"rendered":"C&acirc;mara de Vereadores: Nilton Cezar convocar&aacute; imprensa para prestar contas"},"content":{"rendered":"<p><img decoding=\"async\" style=\"border-right: 0px; border-top: 0px; margin: 0px 25px 0px 0px; border-left: 0px; border-bottom: 0px\" src=\"http:\/\/www.rondoniatual.com\/fotos\/21042009164012.jpg\" width=\"250\" align=\"left\" border=\"0\" \/><\/p>\n<p>O presidente da C\u00e2mara de Vereadores, Nilton Cezar Rios (PSB), deve convocar a imprensa de Ji-Paran\u00e1 para uma coletiva provavelmente na pr\u00f3xima sexta-feira, 24, para anunciar a economia feita pela Casa, valor esse ainda n\u00e3o confirmado, mas j\u00e1 se sabe que chega aos 500 mil reais.<\/p>\n<p>A mesa diretora somente nos dois primeiros meses de gest\u00e3o economizou R$ 250 mil.<\/p>\n<p>Como esse valor pode ter duplicado, o presidente da casa quer manter a proposta sobre onde aplicar a verba &quot;Os vereadores est\u00e3o analisando onde esse recurso ser\u00e1 melhor aplicado pelo Poder Executivo Municipal\u201d. disse o presidente da camara.<\/p>\n<p>Outro mist\u00e9rio que ser\u00e1 desvendado \u00e9 se Nilton Cezar ir\u00e1 abrir ou n\u00e3o uma auditoria na gest\u00e3o do ex-presidente, vereador Isa\u00fa Raimundo da Fonseca.<\/p>\n<p>O departamento de comunica\u00e7\u00e3o da&#160; C\u00e2mara confirma que haver\u00e1 a coletiva a imprensa, mas n\u00e3o a data.<\/p>\n<p>Fonte: RONDONIATUAL.COM<\/p>\n","protected":false},"excerpt":{"rendered":"<p>O presidente da C\u00e2mara de Vereadores, Nilton Cezar Rios (PSB), deve convocar a imprensa de Ji-Paran\u00e1 para uma coletiva provavelmente na pr\u00f3xima sexta-feira, 24, para anunciar a economia feita pela Casa, valor esse ainda n\u00e3o confirmado, mas j\u00e1 se sabe que chega aos 500 mil reais. A mesa diretora somente nos dois primeiros meses de [&hellip;]<\/p>\n","protected":false},"author":2,"featured_media":0,"comment_status":"open","ping_status":"open","sticky":false,"template":"","format":"standard","meta":{"tdm_status":"","tdm_grid_status":"","footnotes":""},"categories":[22],"tags":[],"class_list":{"0":"post-738","1":"post","2":"type-post","3":"status-publish","4":"format-standard","6":"category-brasil"},"_links":{"self":[{"href":"https:\/\/migracao.redenoticia.com.br\/noticia\/wp-json\/wp\/v2\/posts\/738","targetHints":{"allow":["GET"]}}],"collection":[{"href":"https:\/\/migracao.redenoticia.com.br\/noticia\/wp-json\/wp\/v2\/posts"}],"about":[{"href":"https:\/\/migracao.redenoticia.com.br\/noticia\/wp-json\/wp\/v2\/types\/post"}],"author":[{"embeddable":true,"href":"https:\/\/migracao.redenoticia.com.br\/noticia\/wp-json\/wp\/v2\/users\/2"}],"replies":[{"embeddable":true,"href":"https:\/\/migracao.redenoticia.com.br\/noticia\/wp-json\/wp\/v2\/comments?post=738"}],"version-history":[{"count":0,"href":"https:\/\/migracao.redenoticia.com.br\/noticia\/wp-json\/wp\/v2\/posts\/738\/revisions"}],"wp:attachment":[{"href":"https:\/\/migracao.redenoticia.com.br\/noticia\/wp-json\/wp\/v2\/media?parent=738"}],"wp:term":[{"taxonomy":"category","embeddable":true,"href":"https:\/\/migracao.redenoticia.com.br\/noticia\/wp-json\/wp\/v2\/categories?post=738"},{"taxonomy":"post_tag","embeddable":true,"href":"https:\/\/migracao.redenoticia.com.br\/noticia\/wp-json\/wp\/v2\/tags?post=738"}],"curies":[{"name":"wp","href":"https:\/\/api.w.org\/{rel}","templated":true}]}}