{"id":739,"date":"2009-04-22T10:35:55","date_gmt":"2009-04-22T14:35:55","guid":{"rendered":"http:\/\/www.redenoticia.com.br\/noticia\/?p=739"},"modified":"2009-04-23T13:34:52","modified_gmt":"2009-04-23T17:34:52","slug":"microsoft-apresenta-selo-comemorativo-de-20-anos-de-brasil","status":"publish","type":"post","link":"https:\/\/migracao.redenoticia.com.br\/noticia\/2009\/microsoft-apresenta-selo-comemorativo-de-20-anos-de-brasil\/739","title":{"rendered":"Microsoft apresenta selo comemorativo de 20 anos de Brasil"},"content":{"rendered":"<p>&#160;<\/p>\n<p>&#160;<\/p>\n<p>A Microsoft Brasil anunciou ontem o vencedor do concurso cultural criado para estimular o desenvolvimento de um selo comemorativo dos seus 20 anos de exist\u00eancia. O designer Roger Hespanhol foi o autor da proposta vencedora. No total, 1.158 sugest\u00f5es de layout foram submetidas pelo site: <a href=\"http:\/\/www.microsoftbrasil20anos.com.br\">http:\/\/www.microsoftbrasil20anos.com.br<\/a>, que registrou aproximadamente 20 mil acessos e 230 mil pageviews durante o concurso. Alguns dos selos chegaram a ter mais de 7 mil visualiza\u00e7\u00f5es. <\/p>\n<p>O vencedor do concurso, anunciado em solenidade na sede da empresa, revela que chegou a mandar tr\u00eas op\u00e7\u00f5es de selo &#8211; e explica os atrativos do selo vencedor. \u201cO grande mote foi aproveitar o O da marca da Microsoft. Ele tem um corte que me remeteu \u00e0 id\u00e9ia de fazer o losango da bandeira do Brasil\u201d, detalha Hespanhol, que ganhou um kit com produtos Microsoft. \u201cAdoro videogame e tenho um filho de 5 anos que ficou muito feliz com a possibilidade de ganhar o Xbox 360?, comemora.<\/p>\n<p>A a\u00e7\u00e3o teve como objetivo compartilhar a celebra\u00e7\u00e3o pela data marcante, incentivando o p\u00fablico a usar sua criatividade para ilustrar a presen\u00e7a da empresa no Pa\u00eds. O selo vencedor ser\u00e1 presen\u00e7a marcante em todas as comunica\u00e7\u00f5es feitas pela empresa durante o per\u00edodo. <\/p>\n<p>Paula Bellizia, diretora de Marketing e Neg\u00f3cios da Microsoft Brasil, destaca o crescimento da empresa desde ent\u00e3o e seu efeito sobre a economia local. \u201cA empresa tinha cinco funcion\u00e1rios na inaugura\u00e7\u00e3o, dezoito no segundo ano, 180 no d\u00e9cimo ano e tem quase 600 atualmente &#8211; distribu\u00eddos aqui na sede e em mais 13 filiais. O ecossistema da Microsoft Brasil, que inclui empresas que comercializam produtos Microsoft ou que s\u00e3o baseadas em sua plataforma, ou que prestam servi\u00e7os e distribuem softwares gerou mais de R$ 17 bilh\u00f5es em 2007, segundo os \u00faltimos dados do IDC\u201d, conta Paula. S\u00e3o mais de 500 mil profissionais e 18.000 empresas que atuam na plataforma Microsoft hoje.<\/p>\n<p><em>Da Assessoria<\/em><\/p>\n","protected":false},"excerpt":{"rendered":"<p>&#160; &#160; A Microsoft Brasil anunciou ontem o vencedor do concurso cultural criado para estimular o desenvolvimento de um selo comemorativo dos seus 20 anos de exist\u00eancia. O designer Roger Hespanhol foi o autor da proposta vencedora. No total, 1.158 sugest\u00f5es de layout foram submetidas pelo site: http:\/\/www.microsoftbrasil20anos.com.br, que registrou aproximadamente 20 mil acessos e [&hellip;]<\/p>\n","protected":false},"author":2,"featured_media":0,"comment_status":"open","ping_status":"open","sticky":false,"template":"","format":"standard","meta":{"tdm_status":"","tdm_grid_status":"","footnotes":""},"categories":[22],"tags":[],"class_list":{"0":"post-739","1":"post","2":"type-post","3":"status-publish","4":"format-standard","6":"category-brasil"},"_links":{"self":[{"href":"https:\/\/migracao.redenoticia.com.br\/noticia\/wp-json\/wp\/v2\/posts\/739","targetHints":{"allow":["GET"]}}],"collection":[{"href":"https:\/\/migracao.redenoticia.com.br\/noticia\/wp-json\/wp\/v2\/posts"}],"about":[{"href":"https:\/\/migracao.redenoticia.com.br\/noticia\/wp-json\/wp\/v2\/types\/post"}],"author":[{"embeddable":true,"href":"https:\/\/migracao.redenoticia.com.br\/noticia\/wp-json\/wp\/v2\/users\/2"}],"replies":[{"embeddable":true,"href":"https:\/\/migracao.redenoticia.com.br\/noticia\/wp-json\/wp\/v2\/comments?post=739"}],"version-history":[{"count":0,"href":"https:\/\/migracao.redenoticia.com.br\/noticia\/wp-json\/wp\/v2\/posts\/739\/revisions"}],"wp:attachment":[{"href":"https:\/\/migracao.redenoticia.com.br\/noticia\/wp-json\/wp\/v2\/media?parent=739"}],"wp:term":[{"taxonomy":"category","embeddable":true,"href":"https:\/\/migracao.redenoticia.com.br\/noticia\/wp-json\/wp\/v2\/categories?post=739"},{"taxonomy":"post_tag","embeddable":true,"href":"https:\/\/migracao.redenoticia.com.br\/noticia\/wp-json\/wp\/v2\/tags?post=739"}],"curies":[{"name":"wp","href":"https:\/\/api.w.org\/{rel}","templated":true}]}}