{"id":7398,"date":"2009-08-03T15:35:26","date_gmt":"2009-08-03T19:35:26","guid":{"rendered":"http:\/\/www.redenoticia.com.br\/noticia\/?p=7398"},"modified":"2009-08-03T15:35:26","modified_gmt":"2009-08-03T19:35:26","slug":"climatempo-alerta-para-ciclone-extratropical-na-costa-sul-do-brasil","status":"publish","type":"post","link":"https:\/\/migracao.redenoticia.com.br\/noticia\/2009\/climatempo-alerta-para-ciclone-extratropical-na-costa-sul-do-brasil\/7398","title":{"rendered":"Climatempo alerta para ciclone extratropical na costa sul do Brasil"},"content":{"rendered":"<p>Climatempo alerta para um novo ciclone extratropical se organizou no fim de semana entre o Rio Grande do Sul e o Uruguai. Fortes rajadas de vento foram observadas ontem e hoje, especialmente no litoral ga\u00facho. Em Rio Grande, no litoral sul do Rio Grande do Sul, uma rajada de vento chegou a 81 km\/h entre 18 e 19 horas do domingo. Choveu muito na regi\u00e3o nas \u00faltimas 24 horas e foram acumulados 77 mil\u00edmetros de chuva, de acordo com o Instituto Nacional de Meteorologia.\u00a0<br \/>\nEm Tramanda\u00ed, no litoral norte ga\u00facho, as rajadas de vento alcan\u00e7aram 78 km\/h entre as 4 e 5 horas da madrugada desta segunda-feira. Em Torres, tamb\u00e9m no litoral norte ga\u00facho, as rajadas chegaram a 53 km\/h, entre 1 e 2 horas da madrugada desta segunda-feira. Em Mostardas, na parte central do litoral do Rio Grande do Sul, foram observadas rajadas de 66 km\/h, \u00e0s 5 horas da madrugada de hoje.<\/p>\n<p>As fortes rajadas de vento provocadas pelo ciclone extratropical j\u00e1 s\u00e3o sentidas no litoral e no sul de Santa Catarina. Na regi\u00e3o de Laguna, uma rajada chegou a 51 km\/h, \u00e0s 11 horas. Em Ararangu\u00e1, ocorreu uma rajada de 52 km\/h, por volta de 1 hora da madrugada. Todos os dados de velocidade do vento foram medidos pelas esta\u00e7\u00f5es meteorol\u00f3gicas autom\u00e1ticas do Instituto Nacional de Meteorologia.<\/p>\n<p>O ciclone extratropical est\u00e1 em deslocamento pelo oceano, afastando-se da costa sul do Brasil. Mesmo assim, fortes rajadas de vento ainda devem ser sentidas no decorrer desta segunda-feira no litoral da Regi\u00e3o Sul. Na tarde e noite de hoje e tamb\u00e9m amanh\u00e3, o movimento do ciclone vai manter os ventos de moderado \u00e0 forte na costa, desde o Rio Grande do Sul at\u00e9 o Rio de Janeiro. A intensidade dos ventos tende a aumentar especialmente no litoral de S\u00e3o Paulo e do Rio de Janeiro.<\/p>\n<p>Por conta dos ventos fortes no oceano, o mar segue agitado em toda faixa litor\u00e2nea entre o Rio Grande do Sul e o Rio de Janeiro. Ondas de 1m a 1,5m s\u00e3o observadas nesta segunda-feira e amanh\u00e3. Alguns picos de 2 metros poder\u00e3o ocorrer no Rio de Janeiro. As ondas e os ventos tendem a diminuir na quarta-feira.<\/p>\n<p>Sobre o Grupo Climatempo<\/p>\n<p>O Grupo Climatempo \u00e9 a maior empresa privada de meteorologia do pa\u00eds. Uma holding formada pela Climatempo Consultoria, Ag\u00eancia Climatempo, a TV Climatempo e a CLIMANET (Internet, servi\u00e7os de tecnologia e inform\u00e1tica). Atualmente, o Grupo Climatempo fornece conte\u00fado para os principais portais do pa\u00eds, mais de 50 retransmissoras de televis\u00e3o do Brasil, r\u00e1dios e tem cerca de mil clientes. Os dois principais segmentos atendidos s\u00e3o o de agroneg\u00f3cios e meios de comunica\u00e7\u00e3o. Al\u00e9m destes, fornece conte\u00fado meteorol\u00f3gico estrat\u00e9gico para produtoras, a ind\u00fastria eletroeletr\u00f4nica e t\u00eaxtil, com\u00e9rcio, moda e turismo, constru\u00e7\u00e3o civil, setor de energia, entre outros setores.<\/p>\n","protected":false},"excerpt":{"rendered":"<p>Climatempo alerta para um novo ciclone extratropical se organizou no fim de semana entre o Rio Grande do Sul e o Uruguai. Fortes rajadas de vento foram observadas ontem e hoje, especialmente no litoral ga\u00facho. Em Rio Grande, no litoral sul do Rio Grande do Sul, uma rajada de vento chegou a 81 km\/h entre [&hellip;]<\/p>\n","protected":false},"author":3,"featured_media":0,"comment_status":"open","ping_status":"open","sticky":false,"template":"","format":"standard","meta":{"tdm_status":"","tdm_grid_status":"","footnotes":""},"categories":[22,327],"tags":[],"class_list":{"0":"post-7398","1":"post","2":"type-post","3":"status-publish","4":"format-standard","6":"category-brasil","7":"category-clima"},"_links":{"self":[{"href":"https:\/\/migracao.redenoticia.com.br\/noticia\/wp-json\/wp\/v2\/posts\/7398","targetHints":{"allow":["GET"]}}],"collection":[{"href":"https:\/\/migracao.redenoticia.com.br\/noticia\/wp-json\/wp\/v2\/posts"}],"about":[{"href":"https:\/\/migracao.redenoticia.com.br\/noticia\/wp-json\/wp\/v2\/types\/post"}],"author":[{"embeddable":true,"href":"https:\/\/migracao.redenoticia.com.br\/noticia\/wp-json\/wp\/v2\/users\/3"}],"replies":[{"embeddable":true,"href":"https:\/\/migracao.redenoticia.com.br\/noticia\/wp-json\/wp\/v2\/comments?post=7398"}],"version-history":[{"count":0,"href":"https:\/\/migracao.redenoticia.com.br\/noticia\/wp-json\/wp\/v2\/posts\/7398\/revisions"}],"wp:attachment":[{"href":"https:\/\/migracao.redenoticia.com.br\/noticia\/wp-json\/wp\/v2\/media?parent=7398"}],"wp:term":[{"taxonomy":"category","embeddable":true,"href":"https:\/\/migracao.redenoticia.com.br\/noticia\/wp-json\/wp\/v2\/categories?post=7398"},{"taxonomy":"post_tag","embeddable":true,"href":"https:\/\/migracao.redenoticia.com.br\/noticia\/wp-json\/wp\/v2\/tags?post=7398"}],"curies":[{"name":"wp","href":"https:\/\/api.w.org\/{rel}","templated":true}]}}