{"id":740,"date":"2009-04-22T13:19:53","date_gmt":"2009-04-22T17:19:53","guid":{"rendered":"http:\/\/www.redenoticia.com.br\/noticia\/?p=740"},"modified":"2009-04-23T13:36:45","modified_gmt":"2009-04-23T17:36:45","slug":"cmara-restringe-uso-de-passagens-areas-apenas-a-parlamentares","status":"publish","type":"post","link":"https:\/\/migracao.redenoticia.com.br\/noticia\/2009\/cmara-restringe-uso-de-passagens-areas-apenas-a-parlamentares\/740","title":{"rendered":"C&acirc;mara restringe uso de passagens a&eacute;reas apenas a parlamentares"},"content":{"rendered":"<p>&#160;<\/p>\n<p>&#160;<\/p>\n<p>A C\u00e2mara dos Deputados restringiu hoje (22) o uso de passagens a\u00e9reas apenas a parlamentares e somente em viagens no territ\u00f3rio brasileiro. O an\u00fancio foi feito h\u00e1 pouco pelo presidente da Casa, deputado Michel Temer (PMDB-SP). Ele tomou a medida depois das recentes den\u00fancias de que deputados vinham utilizando sua cota pessoal para comprar bilhetes para parentes e outras pessoas.<\/p>\n<p>Temer anunciou ainda que, a partir de agora, todos os gastos da C\u00e2mara, incluindo os relativos \u00e0s passagens a\u00e9reas, ser\u00e3o disponibilizados na internet. Al\u00e9m disso, segundo ele, a emiss\u00e3o de passagens para assessores que forem representar os parlamentares em viagens est\u00e1 condicionada \u00e0 autoriza\u00e7\u00e3o da 3\u00aa Secret\u00e1ria da Casa.<\/p>\n<p>\u201cEssa \u00e9 uma reconcilia\u00e7\u00e3o com a opini\u00e3o p\u00fablica\u201d, disse Temer. \u201cH\u00e1 press\u00e3o por todos os lados e estamos respondendo a essas manifesta\u00e7\u00f5es [<i>da sociedade<\/i>].\u201d<\/p>\n<p>Ivan Richard    <br \/><i>Rep\u00f3rter da Ag\u00eancia Brasil<\/i><\/p>\n<p>Foto: Roosewelt Pinheiro\/ABr<\/p>\n","protected":false},"excerpt":{"rendered":"<p>&#160; &#160; A C\u00e2mara dos Deputados restringiu hoje (22) o uso de passagens a\u00e9reas apenas a parlamentares e somente em viagens no territ\u00f3rio brasileiro. O an\u00fancio foi feito h\u00e1 pouco pelo presidente da Casa, deputado Michel Temer (PMDB-SP). Ele tomou a medida depois das recentes den\u00fancias de que deputados vinham utilizando sua cota pessoal para [&hellip;]<\/p>\n","protected":false},"author":2,"featured_media":0,"comment_status":"open","ping_status":"open","sticky":false,"template":"","format":"standard","meta":{"tdm_status":"","tdm_grid_status":"","footnotes":""},"categories":[22],"tags":[],"class_list":{"0":"post-740","1":"post","2":"type-post","3":"status-publish","4":"format-standard","6":"category-brasil"},"_links":{"self":[{"href":"https:\/\/migracao.redenoticia.com.br\/noticia\/wp-json\/wp\/v2\/posts\/740","targetHints":{"allow":["GET"]}}],"collection":[{"href":"https:\/\/migracao.redenoticia.com.br\/noticia\/wp-json\/wp\/v2\/posts"}],"about":[{"href":"https:\/\/migracao.redenoticia.com.br\/noticia\/wp-json\/wp\/v2\/types\/post"}],"author":[{"embeddable":true,"href":"https:\/\/migracao.redenoticia.com.br\/noticia\/wp-json\/wp\/v2\/users\/2"}],"replies":[{"embeddable":true,"href":"https:\/\/migracao.redenoticia.com.br\/noticia\/wp-json\/wp\/v2\/comments?post=740"}],"version-history":[{"count":0,"href":"https:\/\/migracao.redenoticia.com.br\/noticia\/wp-json\/wp\/v2\/posts\/740\/revisions"}],"wp:attachment":[{"href":"https:\/\/migracao.redenoticia.com.br\/noticia\/wp-json\/wp\/v2\/media?parent=740"}],"wp:term":[{"taxonomy":"category","embeddable":true,"href":"https:\/\/migracao.redenoticia.com.br\/noticia\/wp-json\/wp\/v2\/categories?post=740"},{"taxonomy":"post_tag","embeddable":true,"href":"https:\/\/migracao.redenoticia.com.br\/noticia\/wp-json\/wp\/v2\/tags?post=740"}],"curies":[{"name":"wp","href":"https:\/\/api.w.org\/{rel}","templated":true}]}}