{"id":7406,"date":"2009-08-03T15:56:48","date_gmt":"2009-08-03T19:56:48","guid":{"rendered":"http:\/\/www.redenoticia.com.br\/noticia\/?p=7406"},"modified":"2009-08-03T15:56:48","modified_gmt":"2009-08-03T19:56:48","slug":"cetao-oferece-cursos-de-pos-especializacao-em-odontologia","status":"publish","type":"post","link":"https:\/\/migracao.redenoticia.com.br\/noticia\/2009\/cetao-oferece-cursos-de-pos-especializacao-em-odontologia\/7406","title":{"rendered":"CETAO oferece Cursos de P\u00f3s-Especializa\u00e7\u00e3o em Odontologia"},"content":{"rendered":"<p>A partir de agosto, o CETAO d\u00e1 in\u00edcio aos cursos de\u00a0<strong>P\u00f3s-Especializa\u00e7\u00e3o em Odontologia.<\/strong> Esta \u00e9 uma nova modalidade de aperfei\u00e7oamento para os profissionais que j\u00e1 conclu\u00edram especializa\u00e7\u00e3o, mestrado ou doutorado e desejam continuar investindo na sua forma\u00e7\u00e3o cl\u00ednica. \u201cCom a experi\u00eancia que acumulamos em mais de uma d\u00e9cada, percebemos que a gradua\u00e7\u00e3o \u00e9 apenas o primeiro passo da carreira do dentista. Continuar estudando \u00e9 muito importante para este profissional, pois os avan\u00e7os cient\u00edficos e a tecnologia s\u00e3o muito rapidamente absorvidos pela Odontologia. Neste contexto, os cursos de extens\u00e3o, especializa\u00e7\u00e3o e, agora, de p\u00f3s-especializa\u00e7\u00e3o tornam-se atividades constantes dos profissionais que desejam ser bem sucedidos\u201d, diz o afirma o Prof. Dr. Al\u00eanio Calil Mathias, membro do conselho diretivo do CETAO, Institui\u00e7\u00e3o de Ensino Superior \u2013 Extens\u00e3o e P\u00f3s-Gradua\u00e7\u00e3o em Odontologia.<\/p>\n<p>O novo curso do CETAO ter\u00e1 a dura\u00e7\u00e3o de doze m\u00f3dulos mensais com aulas presenciais. O \u00faltimo m\u00f3dulo oferecer\u00e1 ao aluno uma complementa\u00e7\u00e3o da sua forma\u00e7\u00e3o no exterior. Os m\u00f3dulos do curso ser\u00e3o te\u00f3rico-laboratoriais e cl\u00ednicos, sempre voltados para a complementa\u00e7\u00e3o da forma\u00e7\u00e3o profissional, numa vis\u00e3o multidisciplinar. O cirurgi\u00e3o-dentista poder\u00e1 escolher se deseja fazer a sua p\u00f3s-especializa\u00e7\u00e3o em\u00a0<strong>Ortodontia, Perio-Implantologia, Implantologia, Pr\u00f3tese, Dent\u00edstica e Endodontia.<\/strong><\/p>\n<p>Para lan\u00e7ar-se neste novo desafio educacional, o CETAO reuniu o melhor corpo docente, no Brasil e no exterior,\u00a0 em cada uma das \u00e1reas de interesse. \u201cEstes professores dominam as melhores e mais atualizadas t\u00e9cnicas e tecnologias destas sub-especialidades odontol\u00f3gicas. A coordena\u00e7\u00e3o geral do projeto est\u00e1 a cargo da\u00a0 Profa. Dra. Dalva Lagana, Professora Titular da USP, com larga experi\u00eancia em coordena\u00e7\u00e3o de P\u00f3s-Gradua\u00e7\u00e3o. Para completar o time de mestres, contamos tamb\u00e9m com a colabora\u00e7\u00e3o dos\u00a0 Profs. Drs. Jorge Abr\u00e3o, Julio Cezar Jolly, Virgilio de Paula Eduardo, Giulio Gavini e Marcelo Ablas\u201d, diz Mathias.<\/p>\n<p><strong><em>Cl\u00ednicas do CETAO<\/em><\/strong><\/p>\n<p>As cl\u00ednicas odontol\u00f3gicas do CETAO est\u00e3o disponibilizando vagas para novos pacientes. O agendamento do atendimento pode ser feito de segunda \u00e0 sexta-feira, pelos telefones (11) 50512370\/50516209, entre 08:00 e 18:00 horas. As cl\u00ednicas do CETAO s\u00e3o voltadas para a forma\u00e7\u00e3o e aprimoramento t\u00e9cnico dos alunos dos cursos de p\u00f3s-gradua\u00e7\u00e3o e extens\u00e3o em Odontologia. T\u00eam fundamental import\u00e2ncia no bin\u00f4mio ensino-aprendizagem nos m\u00f3dulos de disciplinas cl\u00ednicas. O atendimento comunit\u00e1rio conta com uma estrutura de 45 consult\u00f3rios, dois laborat\u00f3rios multidisciplinares, tr\u00eas salas de RX, duas salas de espera para cerca de 70 pacientes. Os atendimentos mensais chegam a 4.000 pacientes e contam com a supervis\u00e3o de um corpo docente de cerca de 130 professores.<\/p>\n<p><strong><span style=\"text-decoration: underline;\">SERVI\u00c7O:<\/span><\/strong><\/p>\n<p>O\u00a0<strong>CETAO<\/strong> \u00e9 uma Institui\u00e7\u00e3o de Ensino Superior, reconhecida pelo Minist\u00e9rio da Educa\u00e7\u00e3o, que promove cursos de extens\u00e3o e especializa\u00e7\u00e3o em Odontologia. Fundada h\u00e1 11 anos, est\u00e1 presente em 07 pa\u00edses, ministrando cursos para dentistas no Brasil e no exterior.<\/p>\n<p><strong>CETAO- &#8211; Centro de Estudos Treinamento e Aperfei\u00e7oamento em Odontologia.<\/strong><\/p>\n<p>Avenida Indian\u00f3polis, 153, Moema. S\u00e3o Paulo.<\/p>\n<p>Tel:<strong> <\/strong>(11) 5051 2370\/ 5051 6209.<\/p>\n<p>Site:\u00a0<a href=\"http:\/\/www.cetao.com.br\" target=\"_blank\">www.cetao.com.br<\/a><\/p>\n","protected":false},"excerpt":{"rendered":"<p>A partir de agosto, o CETAO d\u00e1 in\u00edcio aos cursos de\u00a0P\u00f3s-Especializa\u00e7\u00e3o em Odontologia. Esta \u00e9 uma nova modalidade de aperfei\u00e7oamento para os profissionais que j\u00e1 conclu\u00edram especializa\u00e7\u00e3o, mestrado ou doutorado e desejam continuar investindo na sua forma\u00e7\u00e3o cl\u00ednica. \u201cCom a experi\u00eancia que acumulamos em mais de uma d\u00e9cada, percebemos que a gradua\u00e7\u00e3o \u00e9 apenas o [&hellip;]<\/p>\n","protected":false},"author":2,"featured_media":0,"comment_status":"open","ping_status":"open","sticky":false,"template":"","format":"standard","meta":{"tdm_status":"","tdm_grid_status":"","footnotes":""},"categories":[22],"tags":[],"class_list":{"0":"post-7406","1":"post","2":"type-post","3":"status-publish","4":"format-standard","6":"category-brasil"},"_links":{"self":[{"href":"https:\/\/migracao.redenoticia.com.br\/noticia\/wp-json\/wp\/v2\/posts\/7406","targetHints":{"allow":["GET"]}}],"collection":[{"href":"https:\/\/migracao.redenoticia.com.br\/noticia\/wp-json\/wp\/v2\/posts"}],"about":[{"href":"https:\/\/migracao.redenoticia.com.br\/noticia\/wp-json\/wp\/v2\/types\/post"}],"author":[{"embeddable":true,"href":"https:\/\/migracao.redenoticia.com.br\/noticia\/wp-json\/wp\/v2\/users\/2"}],"replies":[{"embeddable":true,"href":"https:\/\/migracao.redenoticia.com.br\/noticia\/wp-json\/wp\/v2\/comments?post=7406"}],"version-history":[{"count":0,"href":"https:\/\/migracao.redenoticia.com.br\/noticia\/wp-json\/wp\/v2\/posts\/7406\/revisions"}],"wp:attachment":[{"href":"https:\/\/migracao.redenoticia.com.br\/noticia\/wp-json\/wp\/v2\/media?parent=7406"}],"wp:term":[{"taxonomy":"category","embeddable":true,"href":"https:\/\/migracao.redenoticia.com.br\/noticia\/wp-json\/wp\/v2\/categories?post=7406"},{"taxonomy":"post_tag","embeddable":true,"href":"https:\/\/migracao.redenoticia.com.br\/noticia\/wp-json\/wp\/v2\/tags?post=7406"}],"curies":[{"name":"wp","href":"https:\/\/api.w.org\/{rel}","templated":true}]}}