{"id":741,"date":"2009-04-22T13:23:46","date_gmt":"2009-04-22T17:23:46","guid":{"rendered":"http:\/\/www.redenoticia.com.br\/noticia\/?p=741"},"modified":"2009-04-23T13:35:35","modified_gmt":"2009-04-23T17:35:35","slug":"ndice-que-reajusta-aluguel-tem-deflao-de-033-na-segunda-prvia-de-abril","status":"publish","type":"post","link":"https:\/\/migracao.redenoticia.com.br\/noticia\/2009\/ndice-que-reajusta-aluguel-tem-deflao-de-033-na-segunda-prvia-de-abril\/741","title":{"rendered":"&Iacute;ndice que reajusta aluguel tem defla&ccedil;&atilde;o de 0,33% na segunda pr&eacute;via de abril"},"content":{"rendered":"<p>&#160;<\/p>\n<p>A infla\u00e7\u00e3o medida pelo \u00cdndice Geral de Pre\u00e7os \u2013 Mercado (IGP-M) apresentou queda de 0,33% na segunda pr\u00e9via de abril. No mesmo per\u00edodo do m\u00eas anterior, o \u00edndice, que serve como refer\u00eancia para reajuste em contratos de aluguel e de tarifas de energia, havia registrado defla\u00e7\u00e3o de 0,36%.    <br \/>De acordo com dados divulgados hoje (22) pela Funda\u00e7\u00e3o Getulio Vargas (FGV), o IGP-M acumula no ano retra\u00e7\u00e3o de 1,25% e nos \u00faltimos 12 meses, alta de 5,19%.O resultado da segunda leitura de abril foi influenciado pelo recuo verificado no \u00cdndice de Pre\u00e7os por Atacado (IPA), que corresponde a 60% do IGP-M. Neste per\u00edodo, o IPA teve queda de 0,64%, depois de apresentar defla\u00e7\u00e3o de 0,65% um m\u00eas antes. Houve desacelera\u00e7\u00e3o nos pre\u00e7os dos bens finais (de 0,34% para 0,14%), principalmente alimentos processados (de 0,78% para -0,08%). J\u00e1 os bens intermedi\u00e1rios tiveram queda mais acentuada, passando de \u20130,54% para \u20131,57%, com destaque para materiais e componentes para a manufatura (de -0,63% para -1,61%). Os pre\u00e7os das mat\u00e9rias-primas brutas tiveram queda menos intensa (de -2,17% para -0,15%). As principais contribui\u00e7\u00f5es partiram de soja em gr\u00e3o (de -7,98% para 2,54%), leite in natura (de -0,31% para 2,76%) e caf\u00e9 em gr\u00e3o (de -3,23% para 1,64%).<\/p>\n<p>O \u00cdndice de Pre\u00e7os ao Consumidor (IPC), que responde por 30% do IGP-M, acelerou na passagem de um m\u00eas para outro (de 0,31% para 0,47%). O movimento foi puxado pelos pre\u00e7os dos alimentos (de 0,19% para 0,96%), principalmente hortali\u00e7as e legumes<i> <\/i>(de 2,12% para 4,58%), frutas<i> <\/i>(de 1,18% para 4,18%) e carnes bovinas<i> <\/i>(de -3,21% para -1,20%).<\/p>\n<p>Tamb\u00e9m tiveram acr\u00e9scimo em suas taxas de varia\u00e7\u00e3o os grupos despesas diversas (de 0,13% para 0,81%), vestu\u00e1rio (de -0,03% para 0,40%) e sa\u00fade e cuidados pessoais (de 0,51% para 0,65%). J\u00e1 os pre\u00e7os de transportes (de 0,43% para -0,14%), educa\u00e7\u00e3o, leitura e recrea\u00e7\u00e3o (de 0,18% para -0,13%) e habita\u00e7\u00e3o (0,41% para 0,33%) desaceleraram.<\/p>\n<p>O \u00cdndice Nacional de Custo da Constru\u00e7\u00e3o (INCC), respons\u00e1vel por 10% do IGP-M, teve defla\u00e7\u00e3o de 0,24%, mais intensa do que a retra\u00e7\u00e3o de 0,04% em igual per\u00edodo de mar\u00e7o. Ca\u00edram os pre\u00e7os de materiais, equipamentos e servi\u00e7os (de &#8211; 0,17% para &#8211; 0,50%). J\u00e1 o \u00edndice relativo ao custo da m\u00e3o-de-obra passou de 0,12% para 0,07%. <\/p>\n<p>Thais Leit\u00e3o    <br \/><i>Rep\u00f3rter da Ag\u00eancia Brasil<\/i><\/p>\n<p>Foto: Ant\u00f4nio Cruz\/ABr<\/p>\n","protected":false},"excerpt":{"rendered":"<p>&#160; A infla\u00e7\u00e3o medida pelo \u00cdndice Geral de Pre\u00e7os \u2013 Mercado (IGP-M) apresentou queda de 0,33% na segunda pr\u00e9via de abril. No mesmo per\u00edodo do m\u00eas anterior, o \u00edndice, que serve como refer\u00eancia para reajuste em contratos de aluguel e de tarifas de energia, havia registrado defla\u00e7\u00e3o de 0,36%. De acordo com dados divulgados hoje [&hellip;]<\/p>\n","protected":false},"author":2,"featured_media":0,"comment_status":"open","ping_status":"open","sticky":false,"template":"","format":"standard","meta":{"tdm_status":"","tdm_grid_status":"","footnotes":""},"categories":[22,7],"tags":[],"class_list":{"0":"post-741","1":"post","2":"type-post","3":"status-publish","4":"format-standard","6":"category-brasil","7":"category-economia"},"_links":{"self":[{"href":"https:\/\/migracao.redenoticia.com.br\/noticia\/wp-json\/wp\/v2\/posts\/741","targetHints":{"allow":["GET"]}}],"collection":[{"href":"https:\/\/migracao.redenoticia.com.br\/noticia\/wp-json\/wp\/v2\/posts"}],"about":[{"href":"https:\/\/migracao.redenoticia.com.br\/noticia\/wp-json\/wp\/v2\/types\/post"}],"author":[{"embeddable":true,"href":"https:\/\/migracao.redenoticia.com.br\/noticia\/wp-json\/wp\/v2\/users\/2"}],"replies":[{"embeddable":true,"href":"https:\/\/migracao.redenoticia.com.br\/noticia\/wp-json\/wp\/v2\/comments?post=741"}],"version-history":[{"count":0,"href":"https:\/\/migracao.redenoticia.com.br\/noticia\/wp-json\/wp\/v2\/posts\/741\/revisions"}],"wp:attachment":[{"href":"https:\/\/migracao.redenoticia.com.br\/noticia\/wp-json\/wp\/v2\/media?parent=741"}],"wp:term":[{"taxonomy":"category","embeddable":true,"href":"https:\/\/migracao.redenoticia.com.br\/noticia\/wp-json\/wp\/v2\/categories?post=741"},{"taxonomy":"post_tag","embeddable":true,"href":"https:\/\/migracao.redenoticia.com.br\/noticia\/wp-json\/wp\/v2\/tags?post=741"}],"curies":[{"name":"wp","href":"https:\/\/api.w.org\/{rel}","templated":true}]}}