{"id":74170,"date":"2015-08-19T17:47:17","date_gmt":"2015-08-19T20:47:17","guid":{"rendered":"http:\/\/www.redenoticia.com.br\/noticia\/?p=74170"},"modified":"2015-08-19T17:47:17","modified_gmt":"2015-08-19T20:47:17","slug":"novela-fatmagul-a-historia-de-uma-jovem-simples-de-esmirna","status":"publish","type":"post","link":"https:\/\/migracao.redenoticia.com.br\/noticia\/2015\/novela-fatmagul-a-historia-de-uma-jovem-simples-de-esmirna\/74170","title":{"rendered":"Novela \u201cFatmagul\u201d: a hist\u00f3ria de uma jovem simples de Esmirna"},"content":{"rendered":"<p><img loading=\"lazy\" decoding=\"async\" src=\"https:\/\/migracao.redenoticia.com.br\/noticia\/imagens\/fatmagul_novela_resumo_band-187x187.jpg\" alt=\"fatmagul_novela_resumo_band\" width=\"187\" height=\"187\" class=\"alignleft size-medium wp-image-74171\" srcset=\"https:\/\/migracao.redenoticia.com.br\/noticia\/imagens\/fatmagul_novela_resumo_band-187x187.jpg 187w, https:\/\/migracao.redenoticia.com.br\/noticia\/imagens\/fatmagul_novela_resumo_band.jpg 300w, https:\/\/migracao.redenoticia.com.br\/noticia\/imagens\/fatmagul_novela_resumo_band-150x150.jpg 150w, https:\/\/migracao.redenoticia.com.br\/noticia\/imagens\/fatmagul_novela_resumo_band-110x110.jpg 110w, https:\/\/migracao.redenoticia.com.br\/noticia\/imagens\/fatmagul_novela_resumo_band-50x50.jpg 50w\" sizes=\"auto, (max-width: 187px) 100vw, 187px\" \/><strong><em>Novela \u201cFatmagul\u201d:<\/em><\/strong> a Band divulgou a estreia da novela \u201cFatmagul\u201d, segunda-feira 31\/08, de segunda a s\u00e1bado, \u00e0s 20h20, logo ap\u00f3s o \u201cJornal da Band\u201d. Na novela, Fatmagul (Beren Saat) \u00e9 uma bela e jovem simples de Esmirna, que trabalha com seu irm\u00e3o Rahmi (B\u00fclent Seyran) como leiteira e cuida das ovelhas. Ela \u00e9 a namorada de Mustafa (F?rat \u00c7elik), um pescador que construiu a casa onde viver\u00e3o quando eles se casarem. Onde poder\u00e3o ficar juntos e sem interfer\u00eancia da sua cunhada Mukaddes (Esra Dermanc?o?lu), a quem ele odeia. <\/p>\n<p>A aldeia onde ele vive est\u00e1 em agita\u00e7\u00e3o pelo casamento de Selim (Engin \u00d6zt\u00fcrk), filho do influente homem de neg\u00f3cios Re?at Ya?aran (Musa Uzunlar), com a sua noiva Meltem Alag\u00f6z (seda Fabiola), socialite e filha do empres\u00e1rio e pol\u00edtico Turaner Alag\u00f6z (Aziz Sarvan). O noivo ent\u00e3o aproveita a oportunidade para se reunir com seus amigos Kerim Ilgaz (Engin Aky\u00fcrek) e Vural Namli (Bu?ra G\u00fclsoy), juntamente com seu primo Erdo?an (Kaan Ta?aner) para comemorar, os quatro juntos. <\/p>\n<p>B\u00eabado e drogado, eles v\u00e3o por uma estrada e encontram Fatmagul. Enquanto Kerim est\u00e1 inconsciente e n\u00e3o lembra de nada, os outros tr\u00eas estupram Fatmagul. Kerim, pensando que ele tamb\u00e9m atacou ela, culpa-se. M\u00fcnir Telci (Murat Daltaban), advogado e cunhado de Re?at Ya?aran, for\u00e7a Kerim casar com Fatmagul para a honra do Ya?aran ficar intacta e suborna Mukaddes, para que fique quieto e impede o relat\u00f3rio de Fatmagul para o Ya?aran. <\/p>\n<p>Ap\u00f3s seu casamento, Fatmagul com sua fam\u00edlia (Rahmi, Mukaddes e seu filho Murat) e Kerim com sua m\u00e3e, Meryem &#8220;Ebe Nine&#8221; (Sumru Yavrucuk), movem-se para Istambul. Enquanto isso, Mustaf\u00e1 jura encontrar aqueles que destru\u00edram o seu amor e se vingar. <\/p>\n<p>&#8212;<br \/>\nFatmag\u00fcl&#8217;\u00fcn Su\u00e7u Ne \u00e9 uma telenovela turca produzida e exibida pelo Kanal D. Ser\u00e1 exibida pela primeira vez no Brasil pela Band, substituindo Mil e Uma Noites, com o titulo &#8220;Fatmagul&#8221; \u2013 A For\u00e7a do Amor. <\/p>\n","protected":false},"excerpt":{"rendered":"<p>Novela \u201cFatmagul\u201d: a Band divulgou a estreia da novela \u201cFatmagul\u201d, segunda-feira 31\/08, de segunda a s\u00e1bado, \u00e0s 20h20, logo ap\u00f3s o \u201cJornal da Band\u201d. Na novela, Fatmagul (Beren Saat) \u00e9 uma bela e jovem simples de Esmirna, que trabalha com seu irm\u00e3o Rahmi (B\u00fclent Seyran) como leiteira e cuida das ovelhas. Ela \u00e9 a namorada [&hellip;]<\/p>\n","protected":false},"author":2,"featured_media":74171,"comment_status":"open","ping_status":"closed","sticky":false,"template":"","format":"standard","meta":{"tdm_status":"","tdm_grid_status":"","footnotes":""},"categories":[390,379,343],"tags":[],"class_list":{"0":"post-74170","1":"post","2":"type-post","3":"status-publish","4":"format-standard","5":"has-post-thumbnail","7":"category-band","8":"category-novelas","9":"category-televisao"},"_links":{"self":[{"href":"https:\/\/migracao.redenoticia.com.br\/noticia\/wp-json\/wp\/v2\/posts\/74170","targetHints":{"allow":["GET"]}}],"collection":[{"href":"https:\/\/migracao.redenoticia.com.br\/noticia\/wp-json\/wp\/v2\/posts"}],"about":[{"href":"https:\/\/migracao.redenoticia.com.br\/noticia\/wp-json\/wp\/v2\/types\/post"}],"author":[{"embeddable":true,"href":"https:\/\/migracao.redenoticia.com.br\/noticia\/wp-json\/wp\/v2\/users\/2"}],"replies":[{"embeddable":true,"href":"https:\/\/migracao.redenoticia.com.br\/noticia\/wp-json\/wp\/v2\/comments?post=74170"}],"version-history":[{"count":0,"href":"https:\/\/migracao.redenoticia.com.br\/noticia\/wp-json\/wp\/v2\/posts\/74170\/revisions"}],"wp:featuredmedia":[{"embeddable":true,"href":"https:\/\/migracao.redenoticia.com.br\/noticia\/wp-json\/wp\/v2\/media\/74171"}],"wp:attachment":[{"href":"https:\/\/migracao.redenoticia.com.br\/noticia\/wp-json\/wp\/v2\/media?parent=74170"}],"wp:term":[{"taxonomy":"category","embeddable":true,"href":"https:\/\/migracao.redenoticia.com.br\/noticia\/wp-json\/wp\/v2\/categories?post=74170"},{"taxonomy":"post_tag","embeddable":true,"href":"https:\/\/migracao.redenoticia.com.br\/noticia\/wp-json\/wp\/v2\/tags?post=74170"}],"curies":[{"name":"wp","href":"https:\/\/api.w.org\/{rel}","templated":true}]}}