{"id":74173,"date":"2015-08-19T17:55:05","date_gmt":"2015-08-19T20:55:05","guid":{"rendered":"http:\/\/www.redenoticia.com.br\/noticia\/?p=74173"},"modified":"2015-08-19T17:55:05","modified_gmt":"2015-08-19T20:55:05","slug":"novela-fatmagul-elenco-e-personagens","status":"publish","type":"post","link":"https:\/\/migracao.redenoticia.com.br\/noticia\/2015\/novela-fatmagul-elenco-e-personagens\/74173","title":{"rendered":"Novela \u201cFatmagul\u201d: elenco e personagens"},"content":{"rendered":"<p><img loading=\"lazy\" decoding=\"async\" class=\"alignleft size-medium wp-image-74171\" src=\"https:\/\/migracao.redenoticia.com.br\/noticia\/imagens\/fatmagul_novela_resumo_band-187x187.jpg\" alt=\"fatmagul_novela_resumo_band\" width=\"187\" height=\"187\" srcset=\"https:\/\/migracao.redenoticia.com.br\/noticia\/imagens\/fatmagul_novela_resumo_band-187x187.jpg 187w, https:\/\/migracao.redenoticia.com.br\/noticia\/imagens\/fatmagul_novela_resumo_band.jpg 300w, https:\/\/migracao.redenoticia.com.br\/noticia\/imagens\/fatmagul_novela_resumo_band-150x150.jpg 150w, https:\/\/migracao.redenoticia.com.br\/noticia\/imagens\/fatmagul_novela_resumo_band-110x110.jpg 110w, https:\/\/migracao.redenoticia.com.br\/noticia\/imagens\/fatmagul_novela_resumo_band-50x50.jpg 50w\" sizes=\"auto, (max-width: 187px) 100vw, 187px\" \/><strong><em>Novela \u201cFatmagul\u201d:<\/em><\/strong> a Band divulgou a estreia da novela \u201cFatmagul\u201d, segunda-feira 31\/08, de segunda a s\u00e1bado, \u00e0s 20h20, logo ap\u00f3s o \u201cJornal da Band\u201d. Fatmag\u00fcl&#8217;\u00fcn Su\u00e7u Ne \u00e9 uma telenovela turca produzida e exibida pelo Kanal D. Ser\u00e1 exibida pela primeira vez no Brasil substituindo Mil e Uma Noites, com o titulo &#8220;Fatmagul&#8221; \u2013 A For\u00e7a do Amor.<\/p>\n<p>Na novela, Fatmagul (Beren Saat) \u00e9 uma bela e jovem simples de Esmirna, que trabalha com seu irm\u00e3o Rahmi (B\u00fclent Seyran) como leiteira e cuida das ovelhas. Ela \u00e9 a namorada de Mustafa (F?rat \u00c7elik), um pescador que construiu a casa onde viver\u00e3o quando eles se casarem. Onde poder\u00e3o ficar juntos e sem interfer\u00eancia da sua cunhada Mukaddes (Esra Dermanc?o?lu), a quem ele odeia.<\/p>\n<p>A aldeia onde ele vive est\u00e1 em agita\u00e7\u00e3o pelo casamento de Selim (Engin \u00d6zt\u00fcrk), filho do influente homem de neg\u00f3cios Re?at Ya?aran (Musa Uzunlar), com a sua noiva Meltem Alag\u00f6z (seda Fabiola), socialite e filha do empres\u00e1rio e pol\u00edtico Turaner Alag\u00f6z (Aziz Sarvan). O noivo ent\u00e3o aproveita a oportunidade para se reunir com seus amigos Kerim Ilgaz (Engin Aky\u00fcrek) e Vural Namli (Bu?ra G\u00fclsoy), juntamente com seu primo Erdo?an (Kaan Ta?aner) para comemorar, os quatro juntos. B\u00eabados, eles v\u00e3o por uma estrada e encontram Fatmagul. Enquanto Kerim est\u00e1 inconsciente e n\u00e3o lembra de nada, os outros tr\u00eas atacam Fatmagul.<\/p>\n<p>Elenco e personagens:<\/p>\n<p>Sevtap \u00d6zaltun &#8211; Asu(de) \/ Hacer Ovac?k<br \/>\nEngin Aky\u00fcrek &#8211; Kerim Ilgaz<br \/>\nBeren Saat &#8211; Fatmag\u00fcl Ketenci<br \/>\nMusa Uzunlar &#8211; Re?at Ya?aran<br \/>\nCivan Canova &#8211; Kadir Pakal?n<br \/>\nMurat Daltaban &#8211; M\u00fcnir Telci<br \/>\nKaan Ta?aner &#8211; Erdo?an Ya?aran<br \/>\nF?rat \u00c7elik &#8211; Mustafa Nal\u00e7al?<br \/>\nEngin \u00d6zt\u00fcrk &#8211; Selim Ya?aran<br \/>\nSeda Guven &#8211; Meltem Alag\u00f6z<br \/>\nBu?ra G\u00fclsoy &#8211; Vural Naml? (killed by mustafa)<br \/>\nSumru Yavrucuk &#8211; Meryem Aksoy (&#8220;Ebe Nine&#8221;)<br \/>\nDeniz T\u00fcrkali &#8211; Perihan Ya?aran<br \/>\nEsra Dermanc?o?lu &#8211; Mukaddes Ketenci<br \/>\nB\u00fclent Seyran &#8211; Rahmi Ketenci<br \/>\nVeda Yurtsever ?pek &#8211; Ender Alag\u00f6z<br \/>\nAziz Sarvan &#8211; Turaner Alag\u00f6z<br \/>\nMehmet Uslu &#8211; R?fat Ya?aran<br \/>\nServet Pandur &#8211; Leman Naml?<br \/>\nZ\u00fcht\u00fc Erkan &#8211; ?emsi Naml?<br \/>\nSacide Ta?aner &#8211; Halide Nal\u00e7al?<br \/>\nToygun Ate? &#8211; Emin Nal\u00e7al?<br \/>\nDeniz Bayta? &#8211; Hilmiye Ya?aran<br \/>\nAlper Saylik &#8211; Samin<br \/>\nAlper Kut &#8211; \u00d6mer Akari<br \/>\nEmre Yetim &#8211; Emre<br \/>\nG\u00f6zde Kocao?lu &#8211; Deniz<br \/>\nNilay Kaya &#8211; Gaye<br \/>\nClare Frost &#8211; Kristen Norton<br \/>\nAta Y?lmaz \u00d6nal &#8211; Murat Ketenci<br \/>\nDuygu G\u00f6k &#8211; Zeynep<\/p>\n","protected":false},"excerpt":{"rendered":"<p>Novela \u201cFatmagul\u201d: a Band divulgou a estreia da novela \u201cFatmagul\u201d, segunda-feira 31\/08, de segunda a s\u00e1bado, \u00e0s 20h20, logo ap\u00f3s o \u201cJornal da Band\u201d. Fatmag\u00fcl&#8217;\u00fcn Su\u00e7u Ne \u00e9 uma telenovela turca produzida e exibida pelo Kanal D. Ser\u00e1 exibida pela primeira vez no Brasil substituindo Mil e Uma Noites, com o titulo &#8220;Fatmagul&#8221; \u2013 A [&hellip;]<\/p>\n","protected":false},"author":2,"featured_media":74171,"comment_status":"open","ping_status":"closed","sticky":false,"template":"","format":"standard","meta":{"tdm_status":"","tdm_grid_status":"","footnotes":""},"categories":[390,379,343],"tags":[],"class_list":{"0":"post-74173","1":"post","2":"type-post","3":"status-publish","4":"format-standard","5":"has-post-thumbnail","7":"category-band","8":"category-novelas","9":"category-televisao"},"_links":{"self":[{"href":"https:\/\/migracao.redenoticia.com.br\/noticia\/wp-json\/wp\/v2\/posts\/74173","targetHints":{"allow":["GET"]}}],"collection":[{"href":"https:\/\/migracao.redenoticia.com.br\/noticia\/wp-json\/wp\/v2\/posts"}],"about":[{"href":"https:\/\/migracao.redenoticia.com.br\/noticia\/wp-json\/wp\/v2\/types\/post"}],"author":[{"embeddable":true,"href":"https:\/\/migracao.redenoticia.com.br\/noticia\/wp-json\/wp\/v2\/users\/2"}],"replies":[{"embeddable":true,"href":"https:\/\/migracao.redenoticia.com.br\/noticia\/wp-json\/wp\/v2\/comments?post=74173"}],"version-history":[{"count":0,"href":"https:\/\/migracao.redenoticia.com.br\/noticia\/wp-json\/wp\/v2\/posts\/74173\/revisions"}],"wp:featuredmedia":[{"embeddable":true,"href":"https:\/\/migracao.redenoticia.com.br\/noticia\/wp-json\/wp\/v2\/media\/74171"}],"wp:attachment":[{"href":"https:\/\/migracao.redenoticia.com.br\/noticia\/wp-json\/wp\/v2\/media?parent=74173"}],"wp:term":[{"taxonomy":"category","embeddable":true,"href":"https:\/\/migracao.redenoticia.com.br\/noticia\/wp-json\/wp\/v2\/categories?post=74173"},{"taxonomy":"post_tag","embeddable":true,"href":"https:\/\/migracao.redenoticia.com.br\/noticia\/wp-json\/wp\/v2\/tags?post=74173"}],"curies":[{"name":"wp","href":"https:\/\/api.w.org\/{rel}","templated":true}]}}