{"id":74219,"date":"2015-08-20T18:18:20","date_gmt":"2015-08-20T21:18:20","guid":{"rendered":"http:\/\/www.redenoticia.com.br\/noticia\/?p=74219"},"modified":"2015-08-20T18:18:20","modified_gmt":"2015-08-20T21:18:20","slug":"datas-dos-vestibulares-das-universidades-estaduais-de-sp","status":"publish","type":"post","link":"https:\/\/migracao.redenoticia.com.br\/noticia\/2015\/datas-dos-vestibulares-das-universidades-estaduais-de-sp\/74219","title":{"rendered":"Datas dos vestibulares das Universidades Estaduais de SP"},"content":{"rendered":"<p> Os estudantes que v\u00e3o prestar <em><strong>vestibular em 2015<\/strong><\/em> devem ficar atentos \u00e0s datas de inscri\u00e7\u00f5es para as provas nas Universidades Estaduais.<\/p>\n<p>Para concorrer a uma das vagas, o candidato dever ter conclu\u00eddo ou estar cursando o Ensino M\u00e9dio ou equivalente \u2013 desde que no ato da matr\u00edcula comprove a conclus\u00e3o do curso.<\/p>\n<p>A Fuvest, prova que seleciona principalmente os estudantes para a Universidade de S\u00e3o Paulo USP) abre suas inscri\u00e7\u00f5es a partir desta sexta-feira (21), que seguem at\u00e9 9 de setembro.<\/p>\n<p>LISTA DE OBRAS DE LEITURA OBRIGAT\u00d3RIA PARA O FUVEST 2016<\/p>\n<p>A Pr\u00f3-Reitoria de Gradua\u00e7\u00e3o da USP (Pro-G), em decis\u00e3o do dia 20\/01\/2015, aprovou, ad referendum do Conselho de Gradua\u00e7\u00e3o &#8211; CoG-USP, a lista de obras de leitura obrigat\u00f3ria para o FUVEST 2016. <\/p>\n<p>\u2022 Viagens na minha terra &#8211; Almeida Garrett;<\/p>\n<p>\u2022 Til &#8211; Jos\u00e9 de Alencar;<\/p>\n<p>\u2022 Mem\u00f3rias de um sargento de mil\u00edcias &#8211; Manuel Ant\u00f4nio de Almeida;<\/p>\n<p>\u2022 Mem\u00f3rias p\u00f3stumas de Br\u00e1s Cubas &#8211; Machado de Assis;<\/p>\n<p>\u2022 O corti\u00e7o &#8211; Alu\u00edsio Azevedo;<\/p>\n<p>\u2022 A cidade e as serras &#8211; E\u00e7a de Queir\u00f3s;<\/p>\n<p>\u2022 Vidas secas &#8211; Graciliano Ramos;<\/p>\n<p>\u2022 Capit\u00e3es da areia &#8211; Jorge Amado;<\/p>\n<p>\u2022 Sentimento do mundo &#8211; Carlos Drummond de Andrade.<\/p>\n<p>O vestibular da Universidade de Campinas (Unicamp) j\u00e1 abriu as inscri\u00e7\u00f5es, que v\u00e3o at\u00e9 3 de setembro. J\u00e1 o per\u00edodo de inscri\u00e7\u00f5es para a prova da Universidade Estadual de S\u00e3o Paulo (Unesp) ser\u00e1 de 4 de setembro a 13 de outubro.<\/p>\n<p>A primeira fase dos vestibulares acontece em novembro. O da Unesp ser\u00e1 no dia 15, da Unicamp, 22, e a da Fuvest dia 29.<\/p>\n<p>Do Portal do Governo do Estado SP<\/p>\n","protected":false},"excerpt":{"rendered":"<p>Os estudantes que v\u00e3o prestar vestibular em 2015 devem ficar atentos \u00e0s datas de inscri\u00e7\u00f5es para as provas nas Universidades Estaduais. Para concorrer a uma das vagas, o candidato dever ter conclu\u00eddo ou estar cursando o Ensino M\u00e9dio ou equivalente \u2013 desde que no ato da matr\u00edcula comprove a conclus\u00e3o do curso. A Fuvest, prova [&hellip;]<\/p>\n","protected":false},"author":2,"featured_media":36244,"comment_status":"open","ping_status":"closed","sticky":false,"template":"","format":"standard","meta":{"tdm_status":"","tdm_grid_status":"","footnotes":""},"categories":[22,370,295],"tags":[],"class_list":{"0":"post-74219","1":"post","2":"type-post","3":"status-publish","4":"format-standard","5":"has-post-thumbnail","7":"category-brasil","8":"category-inscricao","9":"category-vestibular"},"_links":{"self":[{"href":"https:\/\/migracao.redenoticia.com.br\/noticia\/wp-json\/wp\/v2\/posts\/74219","targetHints":{"allow":["GET"]}}],"collection":[{"href":"https:\/\/migracao.redenoticia.com.br\/noticia\/wp-json\/wp\/v2\/posts"}],"about":[{"href":"https:\/\/migracao.redenoticia.com.br\/noticia\/wp-json\/wp\/v2\/types\/post"}],"author":[{"embeddable":true,"href":"https:\/\/migracao.redenoticia.com.br\/noticia\/wp-json\/wp\/v2\/users\/2"}],"replies":[{"embeddable":true,"href":"https:\/\/migracao.redenoticia.com.br\/noticia\/wp-json\/wp\/v2\/comments?post=74219"}],"version-history":[{"count":0,"href":"https:\/\/migracao.redenoticia.com.br\/noticia\/wp-json\/wp\/v2\/posts\/74219\/revisions"}],"wp:featuredmedia":[{"embeddable":true,"href":"https:\/\/migracao.redenoticia.com.br\/noticia\/wp-json\/wp\/v2\/media\/36244"}],"wp:attachment":[{"href":"https:\/\/migracao.redenoticia.com.br\/noticia\/wp-json\/wp\/v2\/media?parent=74219"}],"wp:term":[{"taxonomy":"category","embeddable":true,"href":"https:\/\/migracao.redenoticia.com.br\/noticia\/wp-json\/wp\/v2\/categories?post=74219"},{"taxonomy":"post_tag","embeddable":true,"href":"https:\/\/migracao.redenoticia.com.br\/noticia\/wp-json\/wp\/v2\/tags?post=74219"}],"curies":[{"name":"wp","href":"https:\/\/api.w.org\/{rel}","templated":true}]}}