{"id":743,"date":"2009-04-22T13:27:41","date_gmt":"2009-04-22T17:27:41","guid":{"rendered":"http:\/\/www.redenoticia.com.br\/noticia\/?p=743"},"modified":"2009-04-23T13:39:03","modified_gmt":"2009-04-23T17:39:03","slug":"ministro-da-sade-lana-no-rio-campanha-nacional-de-vacinao-do-idoso","status":"publish","type":"post","link":"https:\/\/migracao.redenoticia.com.br\/noticia\/2009\/ministro-da-sade-lana-no-rio-campanha-nacional-de-vacinao-do-idoso\/743","title":{"rendered":"Ministro da Sa&uacute;de lan&ccedil;a no Rio Campanha Nacional de Vacina&ccedil;&atilde;o do Idoso"},"content":{"rendered":"<p>&#160;<\/p>\n<p>Com a presen\u00e7a do ministro da Sa\u00fade, Jos\u00e9 Gomes Tempor\u00e3o, o governo federal inicia hoje a Campanha Nacional de Vacina\u00e7\u00e3o do Idoso Contra a Gripe. A campanha ter\u00e1 o apoio da Secretaria de Sa\u00fade e Defesa Civil.<\/p>\n<p>Em todo o pa\u00eds, a meta de 80% da popula\u00e7\u00e3o idosa equivale a cerca de 20 milh\u00f5es de pessoas.<\/p>\n<p>Esta \u00e9 a 11\u00aa campanha anual de vacina\u00e7\u00e3o contra a gripe para pessoas com mais de 60 anos. Estudo do Minist\u00e9rio da Sa\u00fade mostra que a vacina&#160; reduz em mais de 50% as doen\u00e7as relacionadas \u00e0 gripe e em 32% o total de hospitaliza\u00e7\u00f5es por pneumonia. As complica\u00e7\u00f5es mais comuns s\u00e3o pneumonia, infec\u00e7\u00e3o no ouvido (otite), e infla\u00e7\u00e3o nos br\u00f4nquios (bronquite). <\/p>\n<p>O governo lembra ainda que a \u00fanica contra-indica\u00e7\u00e3o \u00e9 a alergia aos componentes da vacina, principalmente \u00e0 prote\u00edna do ovo. Portadores de doen\u00e7as neurol\u00f3gicas tamb\u00e9m n\u00e3o podem receber o imunizante. Quem estiver com gripe, apresentar estado febril ou sintomas de dengue deve esperar melhorar para depois se vacinar. <\/p>\n<p>Para a Organiza\u00e7\u00e3o Mundial de Sa\u00fade (OMS), a vacina\u00e7\u00e3o \u00e9 a forma mais eficaz de prevenir a gripe e suas complica\u00e7\u00f5es. \u201cA cada ano, mais de 150 milh\u00f5es de pessoas s\u00e3o vacinadas contra a gripe no mundo. Provocada pelo v\u00edrus<i> Influenza<\/i>, a doen\u00e7a atinge todos os anos entre 10% e 20% da popula\u00e7\u00e3o do planeta \u2013 algo em torno de 600 milh\u00f5es de pessoas\u201d, informa a OMS.<\/p>\n<p>Os dados indicam que, se n\u00e3o for tratada, a gripe pode gerar complica\u00e7\u00f5es que provocam entre 250 mil e 500 mil mortes por ano. <\/p>\n<p>Nielmar de Oliveira    <br \/><i>Rep\u00f3rter da Ag\u00eancia Brasil<\/i><\/p>\n<p>Foto: Ricardo Stuckert\/PR<\/p>\n","protected":false},"excerpt":{"rendered":"<p>&#160; Com a presen\u00e7a do ministro da Sa\u00fade, Jos\u00e9 Gomes Tempor\u00e3o, o governo federal inicia hoje a Campanha Nacional de Vacina\u00e7\u00e3o do Idoso Contra a Gripe. A campanha ter\u00e1 o apoio da Secretaria de Sa\u00fade e Defesa Civil. Em todo o pa\u00eds, a meta de 80% da popula\u00e7\u00e3o idosa equivale a cerca de 20 milh\u00f5es [&hellip;]<\/p>\n","protected":false},"author":2,"featured_media":0,"comment_status":"open","ping_status":"open","sticky":false,"template":"","format":"standard","meta":{"tdm_status":"","tdm_grid_status":"","footnotes":""},"categories":[22,5],"tags":[],"class_list":{"0":"post-743","1":"post","2":"type-post","3":"status-publish","4":"format-standard","6":"category-brasil","7":"category-saude-e-vida"},"_links":{"self":[{"href":"https:\/\/migracao.redenoticia.com.br\/noticia\/wp-json\/wp\/v2\/posts\/743","targetHints":{"allow":["GET"]}}],"collection":[{"href":"https:\/\/migracao.redenoticia.com.br\/noticia\/wp-json\/wp\/v2\/posts"}],"about":[{"href":"https:\/\/migracao.redenoticia.com.br\/noticia\/wp-json\/wp\/v2\/types\/post"}],"author":[{"embeddable":true,"href":"https:\/\/migracao.redenoticia.com.br\/noticia\/wp-json\/wp\/v2\/users\/2"}],"replies":[{"embeddable":true,"href":"https:\/\/migracao.redenoticia.com.br\/noticia\/wp-json\/wp\/v2\/comments?post=743"}],"version-history":[{"count":0,"href":"https:\/\/migracao.redenoticia.com.br\/noticia\/wp-json\/wp\/v2\/posts\/743\/revisions"}],"wp:attachment":[{"href":"https:\/\/migracao.redenoticia.com.br\/noticia\/wp-json\/wp\/v2\/media?parent=743"}],"wp:term":[{"taxonomy":"category","embeddable":true,"href":"https:\/\/migracao.redenoticia.com.br\/noticia\/wp-json\/wp\/v2\/categories?post=743"},{"taxonomy":"post_tag","embeddable":true,"href":"https:\/\/migracao.redenoticia.com.br\/noticia\/wp-json\/wp\/v2\/tags?post=743"}],"curies":[{"name":"wp","href":"https:\/\/api.w.org\/{rel}","templated":true}]}}