{"id":7433,"date":"2009-08-03T18:07:41","date_gmt":"2009-08-03T22:07:41","guid":{"rendered":"http:\/\/www.redenoticia.com.br\/noticia\/?p=7433"},"modified":"2009-08-03T18:07:41","modified_gmt":"2009-08-03T22:07:41","slug":"esforco-excessivo-em-atividades-fisicas-pode-causar-lesoes-e-agravar-problemas-cardiacos-em-jovens-e-criancas","status":"publish","type":"post","link":"https:\/\/migracao.redenoticia.com.br\/noticia\/2009\/esforco-excessivo-em-atividades-fisicas-pode-causar-lesoes-e-agravar-problemas-cardiacos-em-jovens-e-criancas\/7433","title":{"rendered":"Esfor\u00e7o excessivo em atividades f\u00edsicas pode causar les\u00f5es e agravar problemas card\u00edacos em jovens e crian\u00e7as"},"content":{"rendered":"<p><a href=\"https:\/\/migracao.redenoticia.com.br\/noticia\/imagens\/\/esfor\u00e7o.jpg\"><img loading=\"lazy\" decoding=\"async\" class=\"alignleft size-medium wp-image-7434\" title=\"esfor\u00e7o\" src=\"https:\/\/migracao.redenoticia.com.br\/noticia\/imagens\/\/esfor\u00e7o-249x187.jpg\" alt=\"esfor\u00e7o\" width=\"249\" height=\"187\" \/><\/a>Especialistas em medicina do esporte do Hospital do Cora\u00e7\u00e3o alertam os pais quanto ao exagero na carga de exerc\u00edcios f\u00edsicos para a garotada. Cada vez mais cedo as crian\u00e7as iniciam a pratica de esportes. Primeiro como parte das brincadeiras, depois com nuances de competitividade. Alguns se destacam em determinadas modalidades e veem um motivo para iniciarem um treinamento mais forte, na maioria das vezes sem avalia\u00e7\u00e3o inicial ou qualquer acompanhamento m\u00e9dico especializado.<br \/>\nObservados e incentivados pelos pais, as crian\u00e7as e adolescentes come\u00e7am a sentir o peso das competi\u00e7\u00f5es e a press\u00e3o por bons resultados. \u00c9 justamente nesse momento que correm um alto risco de sofrerem uma s\u00e9ria les\u00e3o ou mesmo agravar um problema card\u00edaco discreto que, muitas vezes, elas n\u00e3o sabem que t\u00eam.<\/p>\n<p>Um levantamento realizado pela equipe do cardiologista Nabil Ghorayeb, coordenador do Sport Check-up HCor, com cerca de 700 garotos federados com idade entre 14 e 18 anos de um grande clube de S\u00e3o Paulo, detectou que 23% deles apresentaram altera\u00e7\u00f5es, de origem benigna ou duvidosa no eletrocardiograma. Al\u00e9m disso, descobriu-se muitos casos de &#8220;sopro&#8221; no cora\u00e7\u00e3o, press\u00e3o arterial no limite, anemia e at\u00e9 taxas elevadas de colesterol e triglic\u00e9rides, provenientes de erros alimentares.<\/p>\n<p>Em outro estudo com 120 garotos da mesma faixa et\u00e1ria, nas &#8220;peneiras de futebol&#8221; de 4 clubes paulistas, apontou as mesmas altera\u00e7\u00f5es no eletrocardiograma em 17% dos garotos. &#8220;No primeiro caso os garotos avaliados pertencem a uma classe social alta, enquanto que no segundo a classe \u00e9 mais baixa. Isso revela que os problemas card\u00edacos independem de classe social e podem se manifestar em qualquer indiv\u00edduo. Por isso, a realiza\u00e7\u00e3o peri\u00f3dica de exames cl\u00ednicos \u00e9 essencial&#8221;, alerta o cardiologista.<\/p>\n<p>A necessidade de maior for\u00e7a f\u00edsica implica em mais treinamento e, conseq\u00fcentemente, maior esfor\u00e7o para as articula\u00e7\u00f5es, deixando as mesmas mais propensas \u00e0s les\u00f5es. Esses traumas podem ser apenas de ligamentos, ou at\u00e9 mesmo fraturas e deslocamentos dram\u00e1ticos da articula\u00e7\u00e3o.<\/p>\n<p>&#8220;Na \u00e2nsia de alcan\u00e7ar os melhores resultados nem sempre os atletas tomam os devidos cuidados com a parte f\u00edsica e acabam cometendo erros que podem levar a graves les\u00f5es&#8221;, salienta Dr. Rene Abdalla, ortopedista do Hospital do Cora\u00e7\u00e3o que j\u00e1 atendeu, em dez anos de medicina esportiva no HCor, cerca de 500 atletas do futebol, sendo 5% desse total, jogadores profissionais.<\/p>\n<p>Os benef\u00edcios do esporte ao organismo<\/p>\n<p>\u00c9 sabido que a atividade f\u00edsica produz in\u00fameros benef\u00edcios ao organismo. A pr\u00e1tica esportiva fortalece o organismo e mant\u00e9m as condi\u00e7\u00f5es de vida saud\u00e1vel. Por\u00e9m, para ter certeza que o exerc\u00edcio s\u00f3 trar\u00e1 benef\u00edcio, \u00e9 preciso ter em mente as principais precau\u00e7\u00f5es a serem tomadas, a fim de n\u00e3o ocorrerem les\u00f5es antes ou durante a pr\u00e1tica do exerc\u00edcio.<\/p>\n<p>\u00c9 importante tamb\u00e9m que cada crian\u00e7a, principalmente os pais, saiba o limite de seguran\u00e7a do corpo, tornando assim o exerc\u00edcio uma forma de lazer e bem-estar para o organismo. &#8220;N\u00f3s do Sport Check-up HCor recomendamos ao atleta ou esportista conhecer o trabalho card\u00edaco, ou seja, a freq\u00fc\u00eancia card\u00edaca a ser atingida durante o exerc\u00edcio e ter consci\u00eancia de que ela n\u00e3o deve ser superada numa atividade regular&#8221;, alerta Dr. Nabil, que em sua experi\u00eancia de 35 anos de avalia\u00e7\u00f5es cardiol\u00f3gicas, d\u00e1 algumas dicas para evitar problemas futuros com as atividades f\u00edsicas, seja no lazer ou competi\u00e7\u00f5es.<\/p>\n<p>Recomenda\u00e7\u00f5es para a pr\u00e1tica segura de atividade f\u00edsica:<\/p>\n<p>&#8211; Buscar informa\u00e7\u00f5es com o pediatra;<\/p>\n<p>&#8211; Fazer pelo menos um eletrocardiograma anual (exigir laudo de um cardiologista);<\/p>\n<p>&#8211; At\u00e9 os 12 anos fazer um &#8220;aprendizado dos esportes&#8221;, para a crian\u00e7a escolher o esporte que quer praticar. N\u00e3o a force fazer o que n\u00e3o tem vontade;<\/p>\n<p>&#8211; Procurar um m\u00e9dico imediatamente caso a crian\u00e7a sinta qualquer anormalidade ao praticar esporte;<\/p>\n<p>&#8211; Realizar exames completos em caso de competi\u00e7\u00e3o;<\/p>\n<p>&#8211; N\u00e3o exagerar nos treinamento e cobran\u00e7as. Muitos abandonaram carreiras promissoras na primeira oportunidade;<\/p>\n<p>&#8211; Escolher o material adequado para o esporte de sua prefer\u00eancia;<\/p>\n<p>&#8211; Realizar alongamento antes e depois do exerc\u00edcio. Isso deixar\u00e1 a articula\u00e7\u00e3o mais flex\u00edvel e menos propensa a sofrer uma contus\u00e3o;<\/p>\n<p>&#8211; N\u00e3o tente ir al\u00e9m do seu limite. M\u00fasculos cansados aumentam o risco de machucar os joelhos;<\/p>\n<p>&#8211; Antes de come\u00e7ar qualquer atividade f\u00edsica, procure um especialista;<\/p>\n<p>&#8211; Ao primeiro sinal de dor, pare o exerc\u00edcio;<\/p>\n<p>&#8211; Pratique atividade f\u00edsica regularmente para manter os m\u00fasculos fortes;<\/p>\n<p>&#8211; N\u00e3o aumente a carga no treino sem a orienta\u00e7\u00e3o de um professor. Muito peso sobrecarrega as articula\u00e7\u00f5es.<\/p>\n","protected":false},"excerpt":{"rendered":"<p>Especialistas em medicina do esporte do Hospital do Cora\u00e7\u00e3o alertam os pais quanto ao exagero na carga de exerc\u00edcios f\u00edsicos para a garotada. Cada vez mais cedo as crian\u00e7as iniciam a pratica de esportes. Primeiro como parte das brincadeiras, depois com nuances de competitividade. Alguns se destacam em determinadas modalidades e veem um motivo para [&hellip;]<\/p>\n","protected":false},"author":3,"featured_media":0,"comment_status":"open","ping_status":"open","sticky":false,"template":"","format":"standard","meta":{"tdm_status":"","tdm_grid_status":"","footnotes":""},"categories":[22,5],"tags":[],"class_list":{"0":"post-7433","1":"post","2":"type-post","3":"status-publish","4":"format-standard","6":"category-brasil","7":"category-saude-e-vida"},"_links":{"self":[{"href":"https:\/\/migracao.redenoticia.com.br\/noticia\/wp-json\/wp\/v2\/posts\/7433","targetHints":{"allow":["GET"]}}],"collection":[{"href":"https:\/\/migracao.redenoticia.com.br\/noticia\/wp-json\/wp\/v2\/posts"}],"about":[{"href":"https:\/\/migracao.redenoticia.com.br\/noticia\/wp-json\/wp\/v2\/types\/post"}],"author":[{"embeddable":true,"href":"https:\/\/migracao.redenoticia.com.br\/noticia\/wp-json\/wp\/v2\/users\/3"}],"replies":[{"embeddable":true,"href":"https:\/\/migracao.redenoticia.com.br\/noticia\/wp-json\/wp\/v2\/comments?post=7433"}],"version-history":[{"count":0,"href":"https:\/\/migracao.redenoticia.com.br\/noticia\/wp-json\/wp\/v2\/posts\/7433\/revisions"}],"wp:attachment":[{"href":"https:\/\/migracao.redenoticia.com.br\/noticia\/wp-json\/wp\/v2\/media?parent=7433"}],"wp:term":[{"taxonomy":"category","embeddable":true,"href":"https:\/\/migracao.redenoticia.com.br\/noticia\/wp-json\/wp\/v2\/categories?post=7433"},{"taxonomy":"post_tag","embeddable":true,"href":"https:\/\/migracao.redenoticia.com.br\/noticia\/wp-json\/wp\/v2\/tags?post=7433"}],"curies":[{"name":"wp","href":"https:\/\/api.w.org\/{rel}","templated":true}]}}