{"id":74334,"date":"2015-08-24T17:11:03","date_gmt":"2015-08-24T20:11:03","guid":{"rendered":"http:\/\/www.redenoticia.com.br\/noticia\/?p=74334"},"modified":"2015-08-24T17:11:03","modified_gmt":"2015-08-24T20:11:03","slug":"mec-prorroga-prazo-para-concluir-inscricao-no-fies","status":"publish","type":"post","link":"https:\/\/migracao.redenoticia.com.br\/noticia\/2015\/mec-prorroga-prazo-para-concluir-inscricao-no-fies\/74334","title":{"rendered":"MEC prorroga prazo para concluir inscri\u00e7\u00e3o no Fies"},"content":{"rendered":"<p>O Minist\u00e9rio da Educa\u00e7\u00e3o (MEC) prorrogou o prazo para que os estudantes pr\u00e9-selecionados para a segunda edi\u00e7\u00e3o de 2015 do Fundo de Financiamento Estudantil (<strong><em>Fies<\/em><\/strong>) concluam a\u00a0, no SisFies. A conclus\u00e3o da inscri\u00e7\u00e3o poder\u00e1 ser feita at\u00e9 ter\u00e7a (25). O prazo inicial tinha se encerrado no domingo (23).<\/p>\n<p>Ao acessar o site, o estudante deve clicar na op\u00e7\u00e3o Conclua sua inscri\u00e7\u00e3o. Ap\u00f3s a conclus\u00e3o no SisFies, o estudante precisa validar as informa\u00e7\u00f5es na Comiss\u00e3o Permanente de Supervis\u00e3o e Acompanhamento da institui\u00e7\u00e3o de ensino em at\u00e9 dez dias, contados a partir do dia seguinte ao da conclus\u00e3o da inscri\u00e7\u00e3o.<\/p>\n<p>Por fim, deve comparecer a um agente financeiro do Fies em at\u00e9 dez dias, contados a partir do terceiro dia \u00fatil seguinte \u00e0 data da valida\u00e7\u00e3o das informa\u00e7\u00f5es pela Comiss\u00e3o de Supervis\u00e3o e Acompanhamento.<\/p>\n<p>O Fies financia cursos superiores em institui\u00e7\u00f5es privadas de ensino superior. Os estudantes t\u00eam at\u00e9 tr\u00eas anos depois de formados para quitar o empr\u00e9stimo. Ao todo, ser\u00e3o ofertadas 61,5 mil vagas.<\/p>\n<p>Ao longo do curso, os alunos pagam parte da mensalidade de acordo com a faixa de renda familiar. Todos os beneficiados pelo Fies t\u00eam 5% de desconto nas mensalidades dos cursos.<\/p>\n<p>Yara Aquino\u2013 Rep\u00f3rter da Ag\u00eancia Brasil<br \/>\nEdi\u00e7\u00e3o: Maria Claudia<\/p>\n","protected":false},"excerpt":{"rendered":"<p>O Minist\u00e9rio da Educa\u00e7\u00e3o (MEC) prorrogou o prazo para que os estudantes pr\u00e9-selecionados para a segunda edi\u00e7\u00e3o de 2015 do Fundo de Financiamento Estudantil (Fies) concluam a\u00a0, no SisFies. A conclus\u00e3o da inscri\u00e7\u00e3o poder\u00e1 ser feita at\u00e9 ter\u00e7a (25). O prazo inicial tinha se encerrado no domingo (23). Ao acessar o site, o estudante deve [&hellip;]<\/p>\n","protected":false},"author":2,"featured_media":26465,"comment_status":"open","ping_status":"closed","sticky":false,"template":"","format":"standard","meta":{"tdm_status":"","tdm_grid_status":"","footnotes":""},"categories":[22,370,295],"tags":[],"class_list":{"0":"post-74334","1":"post","2":"type-post","3":"status-publish","4":"format-standard","5":"has-post-thumbnail","7":"category-brasil","8":"category-inscricao","9":"category-vestibular"},"_links":{"self":[{"href":"https:\/\/migracao.redenoticia.com.br\/noticia\/wp-json\/wp\/v2\/posts\/74334","targetHints":{"allow":["GET"]}}],"collection":[{"href":"https:\/\/migracao.redenoticia.com.br\/noticia\/wp-json\/wp\/v2\/posts"}],"about":[{"href":"https:\/\/migracao.redenoticia.com.br\/noticia\/wp-json\/wp\/v2\/types\/post"}],"author":[{"embeddable":true,"href":"https:\/\/migracao.redenoticia.com.br\/noticia\/wp-json\/wp\/v2\/users\/2"}],"replies":[{"embeddable":true,"href":"https:\/\/migracao.redenoticia.com.br\/noticia\/wp-json\/wp\/v2\/comments?post=74334"}],"version-history":[{"count":0,"href":"https:\/\/migracao.redenoticia.com.br\/noticia\/wp-json\/wp\/v2\/posts\/74334\/revisions"}],"wp:featuredmedia":[{"embeddable":true,"href":"https:\/\/migracao.redenoticia.com.br\/noticia\/wp-json\/wp\/v2\/media\/26465"}],"wp:attachment":[{"href":"https:\/\/migracao.redenoticia.com.br\/noticia\/wp-json\/wp\/v2\/media?parent=74334"}],"wp:term":[{"taxonomy":"category","embeddable":true,"href":"https:\/\/migracao.redenoticia.com.br\/noticia\/wp-json\/wp\/v2\/categories?post=74334"},{"taxonomy":"post_tag","embeddable":true,"href":"https:\/\/migracao.redenoticia.com.br\/noticia\/wp-json\/wp\/v2\/tags?post=74334"}],"curies":[{"name":"wp","href":"https:\/\/api.w.org\/{rel}","templated":true}]}}