{"id":74381,"date":"2015-08-25T15:51:52","date_gmt":"2015-08-25T18:51:52","guid":{"rendered":"http:\/\/www.redenoticia.com.br\/noticia\/?p=74381"},"modified":"2015-08-25T15:51:52","modified_gmt":"2015-08-25T18:51:52","slug":"a-expansao-das-bibliotecas-digitais-e-virtuais","status":"publish","type":"post","link":"https:\/\/migracao.redenoticia.com.br\/noticia\/2015\/a-expansao-das-bibliotecas-digitais-e-virtuais\/74381","title":{"rendered":"A expans\u00e3o das bibliotecas digitais e virtuais"},"content":{"rendered":"<p>Elton Alisson | Ag\u00eancia FAPESP \u2013 O n\u00famero de <strong><em>bibliotecas digitais e virtuais<\/em><\/strong> tem aumentado\u00a0nos \u00faltimos anos.\u00a0Uma das raz\u00f5es \u00e9 o surgimento de programas gratuitos, como o DSpace, o Greenstone e o Fedora, que facilitam a constru\u00e7\u00e3o desses reposit\u00f3rios de informa\u00e7\u00f5es na internet.<\/p>\n<p>\u201cPor conta disso, diversas institui\u00e7\u00f5es, tanto do setor p\u00fablico como privado, est\u00e3o criando bibliotecas digitais em diferentes \u00e1reas, tais como educa\u00e7\u00e3o, cultura e ci\u00eancia&#8221;, disse Murilo Bastos Cunha, professor do Departamento de Ci\u00eancia da Informa\u00e7\u00e3o e Documenta\u00e7\u00e3o da Universidade de Bras\u00edlia (UnB), durante palestra em evento comemorativo dos dez anos da\u00a0Biblioteca Virtual () da FAPESP,\u00a0realizado no dia 21 de agosto de 2015 na FAPESP.<\/p>\n<p>As bibliotecas digitais come\u00e7aram a ter maior desenvolvimento a partir de 1996, quando iniciou a fase comercial da internet no pa\u00eds.\u00a0Nesse per\u00edodo, bibliotecas tradicionais, que at\u00e9 ent\u00e3o estavam muito focadas na preserva\u00e7\u00e3o de seus acervos e na provis\u00e3o de acesso f\u00edsico de publica\u00e7\u00f5es impressas, passaram a desenvolver sistemas de cat\u00e1logo automatizado, de acesso p\u00fablico.<\/p>\n<p>\u201cEsses sistemas de cat\u00e1logo automatizado possibilitaram que os acervos das bibliotecas, que at\u00e9 ent\u00e3o estavam confinados em um espa\u00e7o f\u00edsico restrito, pudessem ser conhecidos por um n\u00famero muito maior de pessoas em n\u00edvel nacional e internacional\u201d, disse Cunha.<\/p>\n<p>Uma das vantagens das bibliotecas digitais, na avalia\u00e7\u00e3o do pesquisador, \u00e9 que elas possibilitam aos usu\u00e1rios n\u00e3o s\u00f3 ter acesso, como trabalhar diretamente com as vers\u00f5es eletr\u00f4nicas de documentos completos, de qualquer lugar e a qualquer tempo.\u00a0Al\u00e9m disso, permitem maior agilidade no interc\u00e2mbio de informa\u00e7\u00f5es com outras bases de dados.<\/p>\n<p>\u201cMediante metadados e protocolos de interc\u00e2mbio de informa\u00e7\u00e3o, as bibliotecas digitais podem compartilhar facilmente dados contidos em seus registros e melhorar sua operabilidade\u201d, disse Cunha.<\/p>\n<p>Desde 2009, a BV-FAPESP tem adotado uma s\u00e9rie de medidas para aumentar a interoperabilidade com sistemas internos e externos \u00e0 Funda\u00e7\u00e3o.\u00a0Uma das medidas foi a importa\u00e7\u00e3o de dados referenciais de artigos cient\u00edficos resultantes de aux\u00edlios e bolsas concedidas pela FAPESP, publicados em peri\u00f3dicos cient\u00edficos indexados nas bases de dados da Web of Science e do SciELO, al\u00e9m de teses e disserta\u00e7\u00f5es provenientes de bibliotecas digitais das tr\u00eas universidades p\u00fablicas estaduais paulistas: a Universidade de S\u00e3o Paulo (USP), a Universidade Estadual de Campinas (Unicamp) e a Universidade Estadual Paulista (Unesp).<\/p>\n<p>Al\u00e9m disso, foram desenvolvidos diversos recursos para aumentar a funcionalidade da biblioteca virtual, como perfis dos pesquisadores que t\u00eam ou tiveram projetos de pesquisa apoiados pela FAPESP.<\/p>\n<p>A p\u00e1gina re\u00fane links para o curr\u00edculo Lattes, My Citation e ResearchID do pesquisador, quando dispon\u00edvel, al\u00e9m de palavras-chave representando suas linhas de pesquisa e suas publica\u00e7\u00f5es cient\u00edficas apoiadas pela Funda\u00e7\u00e3o, desde que citado o agradecimento \u00e0 FAPESP e o n\u00famero do processo no artigo cient\u00edfico publicado.<\/p>\n<p>\u201cA BV-FAPESP, inicialmente mais preocupada com a indexa\u00e7\u00e3o da literatura cient\u00edfica, passou a ser nos \u00faltimos anos um sistema de informa\u00e7\u00e3o referencial de acesso p\u00fablico sobre os aux\u00edlios e bolsas concedidos pela FAPESP, incluindo as refer\u00eancias dos resultados das pesquisas realizadas\u201d, disse Rosaly Favero Krzyzanowski, coordenadora da BV, em palestra durante o evento.<\/p>\n<p>\u201cCom a implanta\u00e7\u00e3o dessa s\u00e9rie de melhorias, pudemos observar que, a partir de 2009, houve um aumento de 896% em rela\u00e7\u00e3o a 2008 no n\u00famero de visitas \u00e0 BV-FAPESP, que vem crescendo paulatinamente e hoje atinge a marca de mais de 4 milh\u00f5es de acessos anuais\u201d, detalhou.<\/p>\n<p>A BV-FAPESP conta atualmente com 200 mil registros de Aux\u00edlios \u00e0 Pesquisa, Bolsas no Pa\u00eds e Bolsas no Exterior concedidos pela FAPESP, mais de 58 mil registros de publica\u00e7\u00f5es cient\u00edficas resultantes desse apoio e 18 mil registros de publica\u00e7\u00f5es acad\u00eamicas (teses e disserta\u00e7\u00f5es), desde 1992.<\/p>\n<p>Os cerca de 40 mil registros relativos ao per\u00edodo 1962-1991 j\u00e1 foram digitalizados e est\u00e3o sendo padronizados para integrar o acervo da BV-FAPESP a partir do final do ano.<\/p>\n<p>A BV-FAPESP, como explica Krzyzanowski, tem informa\u00e7\u00f5es referenciais e links para textos completos de artigos cient\u00edficos publicados em revistas eletr\u00f4nicas, ou indexados em reposit\u00f3rios de produ\u00e7\u00e3o intelectual, diferentemente de bibliotecas digitais ou de reposit\u00f3rios, que cont\u00eam textos completos.<\/p>\n<p>Refer\u00eancia importante<\/p>\n<p>\u201cA BV-FAPESP d\u00e1 uma valiosa contribui\u00e7\u00e3o para ampliar o acesso ao conhecimento cient\u00edfico e tecnol\u00f3gico produzido em S\u00e3o Paulo, tanto em n\u00edvel nacional como internacional, por meio da divulga\u00e7\u00e3o das pesquisas financiadas pela FAPESP e, al\u00e9m disso, para preservar e disseminar a mem\u00f3ria da Funda\u00e7\u00e3o\u201d, disse Celso Lafer, presidente da FAPESP, na abertura do evento.<\/p>\n<p>O diretor cient\u00edfico da FAPESP, Carlos Henrique de Brito Cruz, destacou que, al\u00e9m de auxiliar a comunicar para o contribuinte paulista e para o mundo as atividades da Funda\u00e7\u00e3o, usando as ferramentas de internet, a BV-FAPESP tamb\u00e9m \u00e9 um instrumento important\u00edssimo para o pr\u00f3prio trabalho da institui\u00e7\u00e3o.<\/p>\n<p>\u201cA BV-FAPESP \u00e9 muito utilizada pela diretoria cient\u00edfica e pelos assessores das coordena\u00e7\u00f5es de \u00e1rea da FAPESP para analisar os projetos que requerem apoio da Funda\u00e7\u00e3o\u201d, afirmou.<\/p>\n<p>\u201cAo analisar um projeto, \u00e9 poss\u00edvel saber por meio da BV-FAPESP se o proponente j\u00e1 teve outros projetos apoiados, por exemplo\u201d, disse Brito Cruz.<\/p>\n<p>Tamb\u00e9m participaram do evento o diretor administrativo da FAPESP, Joaquim Jos\u00e9 de Camargo Engler, e Carlos Vogt, ex-presidente da Funda\u00e7\u00e3o e atual presidente da Universidade Virtual do Estado de S\u00e3o Paulo (Univesp).<\/p>\n","protected":false},"excerpt":{"rendered":"<p>Elton Alisson | Ag\u00eancia FAPESP \u2013 O n\u00famero de bibliotecas digitais e virtuais tem aumentado\u00a0nos \u00faltimos anos.\u00a0Uma das raz\u00f5es \u00e9 o surgimento de programas gratuitos, como o DSpace, o Greenstone e o Fedora, que facilitam a constru\u00e7\u00e3o desses reposit\u00f3rios de informa\u00e7\u00f5es na internet. \u201cPor conta disso, diversas institui\u00e7\u00f5es, tanto do setor p\u00fablico como privado, est\u00e3o [&hellip;]<\/p>\n","protected":false},"author":2,"featured_media":37419,"comment_status":"open","ping_status":"closed","sticky":false,"template":"","format":"standard","meta":{"tdm_status":"","tdm_grid_status":"","footnotes":""},"categories":[22],"tags":[],"class_list":{"0":"post-74381","1":"post","2":"type-post","3":"status-publish","4":"format-standard","5":"has-post-thumbnail","7":"category-brasil"},"_links":{"self":[{"href":"https:\/\/migracao.redenoticia.com.br\/noticia\/wp-json\/wp\/v2\/posts\/74381","targetHints":{"allow":["GET"]}}],"collection":[{"href":"https:\/\/migracao.redenoticia.com.br\/noticia\/wp-json\/wp\/v2\/posts"}],"about":[{"href":"https:\/\/migracao.redenoticia.com.br\/noticia\/wp-json\/wp\/v2\/types\/post"}],"author":[{"embeddable":true,"href":"https:\/\/migracao.redenoticia.com.br\/noticia\/wp-json\/wp\/v2\/users\/2"}],"replies":[{"embeddable":true,"href":"https:\/\/migracao.redenoticia.com.br\/noticia\/wp-json\/wp\/v2\/comments?post=74381"}],"version-history":[{"count":0,"href":"https:\/\/migracao.redenoticia.com.br\/noticia\/wp-json\/wp\/v2\/posts\/74381\/revisions"}],"wp:featuredmedia":[{"embeddable":true,"href":"https:\/\/migracao.redenoticia.com.br\/noticia\/wp-json\/wp\/v2\/media\/37419"}],"wp:attachment":[{"href":"https:\/\/migracao.redenoticia.com.br\/noticia\/wp-json\/wp\/v2\/media?parent=74381"}],"wp:term":[{"taxonomy":"category","embeddable":true,"href":"https:\/\/migracao.redenoticia.com.br\/noticia\/wp-json\/wp\/v2\/categories?post=74381"},{"taxonomy":"post_tag","embeddable":true,"href":"https:\/\/migracao.redenoticia.com.br\/noticia\/wp-json\/wp\/v2\/tags?post=74381"}],"curies":[{"name":"wp","href":"https:\/\/api.w.org\/{rel}","templated":true}]}}