{"id":7446,"date":"2009-08-04T09:07:04","date_gmt":"2009-08-04T13:07:04","guid":{"rendered":"http:\/\/www.redenoticia.com.br\/noticia\/?p=7446"},"modified":"2009-08-04T09:07:04","modified_gmt":"2009-08-04T13:07:04","slug":"previsao-do-tempo-informa-temperaturas-do-sul-do-brasil","status":"publish","type":"post","link":"https:\/\/migracao.redenoticia.com.br\/noticia\/2009\/previsao-do-tempo-informa-temperaturas-do-sul-do-brasil\/7446","title":{"rendered":"Previs\u00e3o do Tempo informa temperaturas do Sul do Brasil"},"content":{"rendered":"<p>Previs\u00e3o do tempo informa que frio diminui amanh\u00e3 e a m\u00ednima oscila entre 3\u00b0C e 5\u00b0C na serra catarinense. A massa de ar polar que atua no Sul do Brasil provocou uma madrugada fria, com m\u00ednimas pr\u00f3ximas de zero grau em algumas cidades. No Rio Grande do Sul, os term\u00f4metros registraram 0,1\u00b0C em Vacaria. Em Santa Catarina a m\u00ednima chegou a 0\u00b0C em Ca\u00e7ador e no Estado do Paran\u00e1, a temperatura mais baixa foi registrada em General Carneiro, com apenas 0,3\u00b0C.\u00a0<\/p>\n<p>De acordo com os meteorologistas da Somar, o dia segue ensolarado na Regi\u00e3o e as temperaturas entram em eleva\u00e7\u00e3o, com m\u00e1xima de at\u00e9 25\u00b0C no noroeste do Paran\u00e1 e 22\u00b0C no oeste de Santa Catarina e do Rio Grande do Sul. Apenas na faixa leste da Regi\u00e3o, a m\u00e1xima ainda n\u00e3o alcan\u00e7a 20\u00b0C.<\/p>\n<p>Na quarta-feira, o frio da madrugada diminui consideravelmente e a m\u00ednima oscila entre 3\u00b0C e 5\u00b0C na Serra de Santa Catarina. A m\u00e1xima chega a 28\u00b0C no noroeste do Paran\u00e1, 25\u00b0C no oeste de Santa Catarina e noroeste do Rio Grande do Sul, mas ainda n\u00e3o passa dos 20\u00b0C no sul, centro e oeste do Rio Grande do Sul.<\/p>\n<p>Para quinta-feira, a previs\u00e3o \u00e9 de uma madrugada abafada em boa parte da Regi\u00e3o. J\u00e1 com rela\u00e7\u00e3o \u00e0 temperatura m\u00e1xima, ela permanece baixa apenas no Rio Grande do Sul e sul de Santa Catarina, onde n\u00e3o passa dos 20\u00b0C. No noroeste do Paran\u00e1, a m\u00e1xima chega a 28\u00b0C.<\/p>\n","protected":false},"excerpt":{"rendered":"<p>Previs\u00e3o do tempo informa que frio diminui amanh\u00e3 e a m\u00ednima oscila entre 3\u00b0C e 5\u00b0C na serra catarinense. A massa de ar polar que atua no Sul do Brasil provocou uma madrugada fria, com m\u00ednimas pr\u00f3ximas de zero grau em algumas cidades. No Rio Grande do Sul, os term\u00f4metros registraram 0,1\u00b0C em Vacaria. Em [&hellip;]<\/p>\n","protected":false},"author":3,"featured_media":0,"comment_status":"open","ping_status":"open","sticky":false,"template":"","format":"standard","meta":{"tdm_status":"","tdm_grid_status":"","footnotes":""},"categories":[22,327],"tags":[],"class_list":{"0":"post-7446","1":"post","2":"type-post","3":"status-publish","4":"format-standard","6":"category-brasil","7":"category-clima"},"_links":{"self":[{"href":"https:\/\/migracao.redenoticia.com.br\/noticia\/wp-json\/wp\/v2\/posts\/7446","targetHints":{"allow":["GET"]}}],"collection":[{"href":"https:\/\/migracao.redenoticia.com.br\/noticia\/wp-json\/wp\/v2\/posts"}],"about":[{"href":"https:\/\/migracao.redenoticia.com.br\/noticia\/wp-json\/wp\/v2\/types\/post"}],"author":[{"embeddable":true,"href":"https:\/\/migracao.redenoticia.com.br\/noticia\/wp-json\/wp\/v2\/users\/3"}],"replies":[{"embeddable":true,"href":"https:\/\/migracao.redenoticia.com.br\/noticia\/wp-json\/wp\/v2\/comments?post=7446"}],"version-history":[{"count":0,"href":"https:\/\/migracao.redenoticia.com.br\/noticia\/wp-json\/wp\/v2\/posts\/7446\/revisions"}],"wp:attachment":[{"href":"https:\/\/migracao.redenoticia.com.br\/noticia\/wp-json\/wp\/v2\/media?parent=7446"}],"wp:term":[{"taxonomy":"category","embeddable":true,"href":"https:\/\/migracao.redenoticia.com.br\/noticia\/wp-json\/wp\/v2\/categories?post=7446"},{"taxonomy":"post_tag","embeddable":true,"href":"https:\/\/migracao.redenoticia.com.br\/noticia\/wp-json\/wp\/v2\/tags?post=7446"}],"curies":[{"name":"wp","href":"https:\/\/api.w.org\/{rel}","templated":true}]}}