{"id":74465,"date":"2015-08-27T16:16:42","date_gmt":"2015-08-27T19:16:42","guid":{"rendered":"http:\/\/www.redenoticia.com.br\/noticia\/?p=74465"},"modified":"2015-08-27T16:16:42","modified_gmt":"2015-08-27T19:16:42","slug":"inscricoes-para-isencao-da-taxa-de-vestibular-da-unesp","status":"publish","type":"post","link":"https:\/\/migracao.redenoticia.com.br\/noticia\/2015\/inscricoes-para-isencao-da-taxa-de-vestibular-da-unesp\/74465","title":{"rendered":"Inscri\u00e7\u00f5es para isen\u00e7\u00e3o da taxa de vestibular da Unesp"},"content":{"rendered":"<p>Estudantes interessados em prestar o <strong><em>vestibular da Universidade Estadual Paulista<\/em><\/strong> (Unesp) podem se inscrever, a partir do dia 1\u00ba de setembro para isen\u00e7\u00e3o e redu\u00e7\u00e3o da taxa de R$ 155. Podem pedir o benef\u00edcio vestibulandos com renda familiar mensal igual ou inferior a R$ 1.182,00 por pessoa.<\/p>\n<p>Para pedir isen\u00e7\u00e3o, os candidatos devem imprimir, at\u00e9 dia 8 de setembro, o requerimento de solicita\u00e7\u00e3o, dispon\u00edvel no . Tamb\u00e9m \u00e9 necess\u00e1rio que cada solicitante preencha seus dados e envie, junto com os documentos comprobat\u00f3rios pedidos em edital, o requerimento por Sedex ou outra modalidade de correspond\u00eancia com aviso de recebimento, at\u00e9 o dia 9 de setembro.<\/p>\n<p>O pedido de redu\u00e7\u00e3o de 50% do valor da taxa destina-se a candidatos matriculados no ensino m\u00e9dio ou em curso pr\u00e9-vestibular que recebam remunera\u00e7\u00e3o mensal inferior a dois sal\u00e1rios m\u00ednimos ou estejam desempregados.<\/p>\n<p>A Unesp tamb\u00e9m oferece redu\u00e7\u00e3o de 75% aos cerca de 500 mil alunos matriculados no \u00faltimo ano do ensino m\u00e9dio da rede p\u00fablica estadual paulista. O per\u00edodo para cadastramento destes candidatos \u00e9 o mesmo da inscri\u00e7\u00e3o dos pagantes de taxa integral, de 14 de setembro a 13 de outubro.<\/p>\n<p>Para o Vestibular 2016 ser\u00e3o oferecidas 7.355 vagas em 23 cidades. As provas da primeira fase ser\u00e3o realizadas no dia 15 de novembro. No ano passado, a Universidade recebeu 101.080 inscri\u00e7\u00f5es.<\/p>\n<p>Do Portal do Governo do Estado SP<\/p>\n","protected":false},"excerpt":{"rendered":"<p>Estudantes interessados em prestar o vestibular da Universidade Estadual Paulista (Unesp) podem se inscrever, a partir do dia 1\u00ba de setembro para isen\u00e7\u00e3o e redu\u00e7\u00e3o da taxa de R$ 155. Podem pedir o benef\u00edcio vestibulandos com renda familiar mensal igual ou inferior a R$ 1.182,00 por pessoa. Para pedir isen\u00e7\u00e3o, os candidatos devem imprimir, at\u00e9 [&hellip;]<\/p>\n","protected":false},"author":2,"featured_media":34896,"comment_status":"open","ping_status":"closed","sticky":false,"template":"","format":"standard","meta":{"tdm_status":"","tdm_grid_status":"","footnotes":""},"categories":[22,370,295],"tags":[],"class_list":{"0":"post-74465","1":"post","2":"type-post","3":"status-publish","4":"format-standard","5":"has-post-thumbnail","7":"category-brasil","8":"category-inscricao","9":"category-vestibular"},"_links":{"self":[{"href":"https:\/\/migracao.redenoticia.com.br\/noticia\/wp-json\/wp\/v2\/posts\/74465","targetHints":{"allow":["GET"]}}],"collection":[{"href":"https:\/\/migracao.redenoticia.com.br\/noticia\/wp-json\/wp\/v2\/posts"}],"about":[{"href":"https:\/\/migracao.redenoticia.com.br\/noticia\/wp-json\/wp\/v2\/types\/post"}],"author":[{"embeddable":true,"href":"https:\/\/migracao.redenoticia.com.br\/noticia\/wp-json\/wp\/v2\/users\/2"}],"replies":[{"embeddable":true,"href":"https:\/\/migracao.redenoticia.com.br\/noticia\/wp-json\/wp\/v2\/comments?post=74465"}],"version-history":[{"count":0,"href":"https:\/\/migracao.redenoticia.com.br\/noticia\/wp-json\/wp\/v2\/posts\/74465\/revisions"}],"wp:featuredmedia":[{"embeddable":true,"href":"https:\/\/migracao.redenoticia.com.br\/noticia\/wp-json\/wp\/v2\/media\/34896"}],"wp:attachment":[{"href":"https:\/\/migracao.redenoticia.com.br\/noticia\/wp-json\/wp\/v2\/media?parent=74465"}],"wp:term":[{"taxonomy":"category","embeddable":true,"href":"https:\/\/migracao.redenoticia.com.br\/noticia\/wp-json\/wp\/v2\/categories?post=74465"},{"taxonomy":"post_tag","embeddable":true,"href":"https:\/\/migracao.redenoticia.com.br\/noticia\/wp-json\/wp\/v2\/tags?post=74465"}],"curies":[{"name":"wp","href":"https:\/\/api.w.org\/{rel}","templated":true}]}}