{"id":74467,"date":"2015-08-27T16:18:04","date_gmt":"2015-08-27T19:18:04","guid":{"rendered":"http:\/\/www.redenoticia.com.br\/noticia\/?p=74467"},"modified":"2015-08-27T16:18:04","modified_gmt":"2015-08-27T19:18:04","slug":"unicamp-realiza-12a-edicao-da-universidade-de-portas-abertas","status":"publish","type":"post","link":"https:\/\/migracao.redenoticia.com.br\/noticia\/2015\/unicamp-realiza-12a-edicao-da-universidade-de-portas-abertas\/74467","title":{"rendered":"Unicamp realiza 12\u00aa edi\u00e7\u00e3o da Universidade de Portas Abertas"},"content":{"rendered":"<p>Respons\u00e1vel por 15% da produ\u00e7\u00e3o cient\u00edfica no Brasil, a Universidade Estadual de Campinas (Unicamp) abre as portas para os estudantes neste s\u00e1bado (29). Criada como uma esp\u00e9cie de feira de profiss\u00f5es e voltada para futuros universit\u00e1rios, o programa <strong><em>Universidade de Portas Abertas<\/em><\/strong> (UPA) se transformou bastante ao longo do tempo e hoje \u00e9 uma vitrine de tudo o que a Unicamp possui de melhor.<\/p>\n<p>Nesta 12\u00aa edi\u00e7\u00e3o da UPA, os visitantes poder\u00e3o esclarecer d\u00favidas sobre os programas de bolsa para estudantes que necessitam de aux\u00edlio financeiro, ofertadas pelo Servi\u00e7o de Apoio ao Estudante (SAE), como tamb\u00e9m poder\u00e3o saber mais sobre as in\u00fameras oportunidades para realizar a gradua\u00e7\u00e3o por meio de pesquisas e bolsas de inicia\u00e7\u00e3o cient\u00edfica. Al\u00e9m disso, saber\u00e3o mais detalhes sobre a\u00e7\u00f5es de empreendedorismo.<\/p>\n<p>S\u00e3o esperados cerca de 40 mil visitantes (o mesmo p\u00fablico do ano passado). Para atender os visitantes, pelo menos 150 monitores auxiliar\u00e3o na recep\u00e7\u00e3o, dando orienta\u00e7\u00e3o e seguran\u00e7a durante o evento. Para facilitar o deslocamento dos visitantes no campus de Bar\u00e3o Geraldo, haver\u00e1 quatro linhas de \u00f4nibus.<\/p>\n<p>Este ano a Unicamp figura em lugar de destaque internacional ao se tornar a \u00fanica universidade brasileira com menos de 50 anos de exist\u00eancia entre as cem melhores do mundo.<\/p>\n<p>Assim como no ano passado, est\u00e1 dispon\u00edvel um aplicativo para celulares com informa\u00e7\u00f5es sobre o evento e para o deslocamento no campus de Bar\u00e3o Geraldo. O aplicativo pode ser baixado .<\/p>\n<p>Do Portal do Governo do Estado SP<\/p>\n","protected":false},"excerpt":{"rendered":"<p>Respons\u00e1vel por 15% da produ\u00e7\u00e3o cient\u00edfica no Brasil, a Universidade Estadual de Campinas (Unicamp) abre as portas para os estudantes neste s\u00e1bado (29). Criada como uma esp\u00e9cie de feira de profiss\u00f5es e voltada para futuros universit\u00e1rios, o programa Universidade de Portas Abertas (UPA) se transformou bastante ao longo do tempo e hoje \u00e9 uma vitrine [&hellip;]<\/p>\n","protected":false},"author":2,"featured_media":36262,"comment_status":"open","ping_status":"closed","sticky":false,"template":"","format":"standard","meta":{"tdm_status":"","tdm_grid_status":"","footnotes":""},"categories":[22,370,295],"tags":[],"class_list":{"0":"post-74467","1":"post","2":"type-post","3":"status-publish","4":"format-standard","5":"has-post-thumbnail","7":"category-brasil","8":"category-inscricao","9":"category-vestibular"},"_links":{"self":[{"href":"https:\/\/migracao.redenoticia.com.br\/noticia\/wp-json\/wp\/v2\/posts\/74467","targetHints":{"allow":["GET"]}}],"collection":[{"href":"https:\/\/migracao.redenoticia.com.br\/noticia\/wp-json\/wp\/v2\/posts"}],"about":[{"href":"https:\/\/migracao.redenoticia.com.br\/noticia\/wp-json\/wp\/v2\/types\/post"}],"author":[{"embeddable":true,"href":"https:\/\/migracao.redenoticia.com.br\/noticia\/wp-json\/wp\/v2\/users\/2"}],"replies":[{"embeddable":true,"href":"https:\/\/migracao.redenoticia.com.br\/noticia\/wp-json\/wp\/v2\/comments?post=74467"}],"version-history":[{"count":0,"href":"https:\/\/migracao.redenoticia.com.br\/noticia\/wp-json\/wp\/v2\/posts\/74467\/revisions"}],"wp:featuredmedia":[{"embeddable":true,"href":"https:\/\/migracao.redenoticia.com.br\/noticia\/wp-json\/wp\/v2\/media\/36262"}],"wp:attachment":[{"href":"https:\/\/migracao.redenoticia.com.br\/noticia\/wp-json\/wp\/v2\/media?parent=74467"}],"wp:term":[{"taxonomy":"category","embeddable":true,"href":"https:\/\/migracao.redenoticia.com.br\/noticia\/wp-json\/wp\/v2\/categories?post=74467"},{"taxonomy":"post_tag","embeddable":true,"href":"https:\/\/migracao.redenoticia.com.br\/noticia\/wp-json\/wp\/v2\/tags?post=74467"}],"curies":[{"name":"wp","href":"https:\/\/api.w.org\/{rel}","templated":true}]}}