{"id":7448,"date":"2009-08-04T09:14:03","date_gmt":"2009-08-04T13:14:03","guid":{"rendered":"http:\/\/www.redenoticia.com.br\/noticia\/?p=7448"},"modified":"2009-08-04T09:14:03","modified_gmt":"2009-08-04T13:14:03","slug":"previsao-do-tempo-informa-sobre-nova-frente-fria-e-chuvas-no-brasil","status":"publish","type":"post","link":"https:\/\/migracao.redenoticia.com.br\/noticia\/2009\/previsao-do-tempo-informa-sobre-nova-frente-fria-e-chuvas-no-brasil\/7448","title":{"rendered":"Previs\u00e3o do tempo informa sobre nova frente fria e chuvas no Brasil"},"content":{"rendered":"<p>Previs\u00e3o do tempo informa a chegada de nova frente fria e chuvas no Brasil. No Sul, massa polar derruba as temperaturas e m\u00ednimas ficam pr\u00f3ximas de zero grau. Uma frente fria come\u00e7a a se afastar do Brasil e nesta manh\u00e3, o sistema causa mais nuvens que chuvas entre Minas Gerais, Rio de Janeiro e Esp\u00edrito Santo. Na Regi\u00e3o Sul, uma massa de ar polar gerou uma madrugada fria, com m\u00ednimas em torno de 1\u00b0C e geadas nos pontos mais elevados.\u00a0<\/p>\n<p>No Nordeste, \u00e1reas de instabilidade conhecidas por Ondas de Leste ganham for\u00e7a e provocam chuvas generalizadas especialmente entre o Rio Grande do Norte e Para\u00edba. Na Regi\u00e3o Norte, nuvens carregadas causam pancadas de chuva e trovoadas no oeste e norte do Amazonas e em boa parte de Roraima, inclusive com registro de chuva forte em Boa Vista na \u00faltima madrugada.<\/p>\n<p>Pr\u00f3ximos dias<br \/>\nDe acordo com os meteorologistas da Somar, uma nova frente fria chega ao Sul do Pa\u00eds a partir do final desta ter\u00e7a-feira e a previs\u00e3o para os pr\u00f3ximos dias \u00e9 de chuvas generalizadas na Regi\u00e3o, com acumulado de at\u00e9 30mm no Rio Grande do Sul e sul de Santa Catarina e 15mm no sul do Paran\u00e1. J\u00e1 no centro e norte do Paran\u00e1, em boa parte do Sudeste e em todo o Centro-Oeste, o tempo permanece seco e quente.<\/p>\n<p>No Nordeste, as chuvas generalizadas, mas com baixo acumulado atingem todo o leste da Regi\u00e3o, al\u00e9m do centro do Cear\u00e1 e norte do Maranh\u00e3o. No Norte, as pancadas de chuva com trovoadas concentram-se apenas no oeste e norte da Regi\u00e3o.<\/p>\n<p>Temperaturas<br \/>\nA partir de agora o frio d\u00e1 uma tr\u00e9gua. A previs\u00e3o \u00e9 de temperatura baixa e constante apenas no Rio Grande do Sul. Nos demais Estados, ou o calor predomina ou ele retorna alternado com pequenos per\u00edodos com temperaturas mais baixas.<\/p>\n","protected":false},"excerpt":{"rendered":"<p>Previs\u00e3o do tempo informa a chegada de nova frente fria e chuvas no Brasil. No Sul, massa polar derruba as temperaturas e m\u00ednimas ficam pr\u00f3ximas de zero grau. Uma frente fria come\u00e7a a se afastar do Brasil e nesta manh\u00e3, o sistema causa mais nuvens que chuvas entre Minas Gerais, Rio de Janeiro e Esp\u00edrito [&hellip;]<\/p>\n","protected":false},"author":3,"featured_media":0,"comment_status":"open","ping_status":"open","sticky":false,"template":"","format":"standard","meta":{"tdm_status":"","tdm_grid_status":"","footnotes":""},"categories":[22,327],"tags":[],"class_list":{"0":"post-7448","1":"post","2":"type-post","3":"status-publish","4":"format-standard","6":"category-brasil","7":"category-clima"},"_links":{"self":[{"href":"https:\/\/migracao.redenoticia.com.br\/noticia\/wp-json\/wp\/v2\/posts\/7448","targetHints":{"allow":["GET"]}}],"collection":[{"href":"https:\/\/migracao.redenoticia.com.br\/noticia\/wp-json\/wp\/v2\/posts"}],"about":[{"href":"https:\/\/migracao.redenoticia.com.br\/noticia\/wp-json\/wp\/v2\/types\/post"}],"author":[{"embeddable":true,"href":"https:\/\/migracao.redenoticia.com.br\/noticia\/wp-json\/wp\/v2\/users\/3"}],"replies":[{"embeddable":true,"href":"https:\/\/migracao.redenoticia.com.br\/noticia\/wp-json\/wp\/v2\/comments?post=7448"}],"version-history":[{"count":0,"href":"https:\/\/migracao.redenoticia.com.br\/noticia\/wp-json\/wp\/v2\/posts\/7448\/revisions"}],"wp:attachment":[{"href":"https:\/\/migracao.redenoticia.com.br\/noticia\/wp-json\/wp\/v2\/media?parent=7448"}],"wp:term":[{"taxonomy":"category","embeddable":true,"href":"https:\/\/migracao.redenoticia.com.br\/noticia\/wp-json\/wp\/v2\/categories?post=7448"},{"taxonomy":"post_tag","embeddable":true,"href":"https:\/\/migracao.redenoticia.com.br\/noticia\/wp-json\/wp\/v2\/tags?post=7448"}],"curies":[{"name":"wp","href":"https:\/\/api.w.org\/{rel}","templated":true}]}}