{"id":7450,"date":"2009-08-04T09:20:12","date_gmt":"2009-08-04T13:20:12","guid":{"rendered":"http:\/\/www.redenoticia.com.br\/noticia\/?p=7450"},"modified":"2009-08-04T09:20:12","modified_gmt":"2009-08-04T13:20:12","slug":"previsao-do-tempo-indica-tempo-seco-e-quente-em-regioes-do-brasil","status":"publish","type":"post","link":"https:\/\/migracao.redenoticia.com.br\/noticia\/2009\/previsao-do-tempo-indica-tempo-seco-e-quente-em-regioes-do-brasil\/7450","title":{"rendered":"Previs\u00e3o do tempo indica tempo seco e quente em regi\u00f5es do Brasil"},"content":{"rendered":"<p>Previs\u00e3o do tempo indica tempo seco e quente em boa parte do Brasil. A ter\u00e7a-feira ser\u00e1 de sol e calor na maior parte do Pa\u00eds, com temperatura m\u00e1xima passando dos 35\u00b0C em v\u00e1rias localidades de Mato Grosso, Piau\u00ed, Maranh\u00e3o, Par\u00e1, Amazonas, Rond\u00f4nia e Acre. De acordo com os meteorologistas da Somar, hoje as chuvas ficam restritas a parte do Norte e Nordeste.<\/p>\n<p>No Nordeste, chuvas generalizadas atingem o leste da Regi\u00e3o e deixam as temperaturas mais baixas em algumas localidades, com m\u00e1xima de 25\u00b0C entre o norte de Alagoas e leste da Para\u00edba. Na Regi\u00e3o Norte, pancadas isoladas de chuva atingem o centro e norte do Par\u00e1 e do Amazonas, al\u00e9m de Roraima e Amap\u00e1.<\/p>\n<p>No Sudeste, a frente fria afasta-se para o oceano e a previs\u00e3o tamb\u00e9m \u00e9 de sol em boa da Regi\u00e3o, apenas com temperaturas mais baixas em S\u00e3o Paulo e sul de Minas Gerais. No Rio de Janeiro, os ventos \u00famidos que sopram do mar causam apenas chuvas fracas e isoladas.<\/p>\n<p>No Sul, o sol tamb\u00e9m predomina. As chuvas isoladas ficam restritas apenas ao oeste do Rio Grande do Sul. A temperatura m\u00e1xima entra em eleva\u00e7\u00e3o na Regi\u00e3o e chega a 25\u00b0C no noroeste do Paran\u00e1 e 22\u00b0C no oeste de Santa Catarina e do Rio Grande do Sul.<\/p>\n<p>Litoral<br \/>\nUm ciclone extratropical na costa da Regi\u00e3o Sul gera ondas com mais de 2,5m de altura na costa do Rio Grande do Sul e em torno de 2m de altura entre Santa Catarina e Rio de Janeiro. H\u00e1 risco de ressacas em algumas praias. Al\u00e9m disso, os ventos chegam a quase 35km\/h na costa de Santa Catarina.<\/p>\n<p>Quarta-feira<br \/>\nUma nova frente fria chega \u00e0 Regi\u00e3o Sul e provoca chuvas em boa parte do Rio Grande do Sul e oeste de Santa Catarina. Na fronteira do Rio Grande do Sul com o Uruguai, a previs\u00e3o \u00e9 de temporais, com acumulado de quase 50mm em apenas 24 horas. No centro e leste de Santa Catarina, no Paran\u00e1, no Sudeste e no Centro-Oeste, o tempo permanece seco, ensolarado e com temperatura em eleva\u00e7\u00e3o. No leste do Nordeste, seguem as chuvas generalizadas, especialmente entre Sergipe e o Rio Grande do Norte. No Norte, as pancadas isoladas de chuva com trovoadas atingem o centro e norte da Regi\u00e3o.<\/p>\n","protected":false},"excerpt":{"rendered":"<p>Previs\u00e3o do tempo indica tempo seco e quente em boa parte do Brasil. A ter\u00e7a-feira ser\u00e1 de sol e calor na maior parte do Pa\u00eds, com temperatura m\u00e1xima passando dos 35\u00b0C em v\u00e1rias localidades de Mato Grosso, Piau\u00ed, Maranh\u00e3o, Par\u00e1, Amazonas, Rond\u00f4nia e Acre. De acordo com os meteorologistas da Somar, hoje as chuvas ficam [&hellip;]<\/p>\n","protected":false},"author":3,"featured_media":0,"comment_status":"open","ping_status":"open","sticky":false,"template":"","format":"standard","meta":{"tdm_status":"","tdm_grid_status":"","footnotes":""},"categories":[22,327],"tags":[],"class_list":{"0":"post-7450","1":"post","2":"type-post","3":"status-publish","4":"format-standard","6":"category-brasil","7":"category-clima"},"_links":{"self":[{"href":"https:\/\/migracao.redenoticia.com.br\/noticia\/wp-json\/wp\/v2\/posts\/7450","targetHints":{"allow":["GET"]}}],"collection":[{"href":"https:\/\/migracao.redenoticia.com.br\/noticia\/wp-json\/wp\/v2\/posts"}],"about":[{"href":"https:\/\/migracao.redenoticia.com.br\/noticia\/wp-json\/wp\/v2\/types\/post"}],"author":[{"embeddable":true,"href":"https:\/\/migracao.redenoticia.com.br\/noticia\/wp-json\/wp\/v2\/users\/3"}],"replies":[{"embeddable":true,"href":"https:\/\/migracao.redenoticia.com.br\/noticia\/wp-json\/wp\/v2\/comments?post=7450"}],"version-history":[{"count":0,"href":"https:\/\/migracao.redenoticia.com.br\/noticia\/wp-json\/wp\/v2\/posts\/7450\/revisions"}],"wp:attachment":[{"href":"https:\/\/migracao.redenoticia.com.br\/noticia\/wp-json\/wp\/v2\/media?parent=7450"}],"wp:term":[{"taxonomy":"category","embeddable":true,"href":"https:\/\/migracao.redenoticia.com.br\/noticia\/wp-json\/wp\/v2\/categories?post=7450"},{"taxonomy":"post_tag","embeddable":true,"href":"https:\/\/migracao.redenoticia.com.br\/noticia\/wp-json\/wp\/v2\/tags?post=7450"}],"curies":[{"name":"wp","href":"https:\/\/api.w.org\/{rel}","templated":true}]}}