{"id":7466,"date":"2009-08-04T13:29:05","date_gmt":"2009-08-04T17:29:05","guid":{"rendered":"http:\/\/www.redenoticia.com.br\/noticia\/?p=7466"},"modified":"2009-08-04T13:29:05","modified_gmt":"2009-08-04T17:29:05","slug":"previsao-do-tempo-alerta-sobre-nova-frente-fria-e-chuvas-no-sul","status":"publish","type":"post","link":"https:\/\/migracao.redenoticia.com.br\/noticia\/2009\/previsao-do-tempo-alerta-sobre-nova-frente-fria-e-chuvas-no-sul\/7466","title":{"rendered":"Previs\u00e3o do tempo alerta sobre nova frente fria e chuvas no Sul"},"content":{"rendered":"<p>Chuva poder\u00e1 atingir 30mm em 24h no sul do Estado. Previs\u00e3o do tempo alerta sobre nova frente fria e chuvas no Sul. A ter\u00e7a-feira ainda ser\u00e1 ensolarada na maior parte do Sul do pa\u00eds. J\u00e1 a partir de amanh\u00e3, uma nova frente fria volta a provocar pancadas de chuva e trovoadas em boa parte do Rio Grande do Sul, com acumulado de at\u00e9 30mm em 24 horas no sul do Estado. J\u00e1 no norte do Rio Grande do Sul, Santa Catarina e Paran\u00e1, o tempo permanece seco e ensolarado. No decorrer da quarta-feira, as temperaturas entram em eleva\u00e7\u00e3o e a m\u00e1xima chega a 28\u00b0C no noroeste paranaense e 25\u00b0C no oeste catarinense e noroeste ga\u00facho. Apenas no sul, centro e oeste do do Rio Grande do Sul a temperatura n\u00e3o passa dos 20\u00b0C.<br \/>\nNa quinta-feira, a frente fria avan\u00e7a pela Regi\u00e3o Sul e provoca chuvas generalizadas no centro e norte do Rio Grande do Sul, boa parte de Santa Catarina e sul do Paran\u00e1, com acumulado de at\u00e9 30mm em 24 horas na regi\u00e3o da Lagoa dos Patos. No oeste e sul do Rio Grande do Sul, o sol retorna entre nuvens. J\u00e1 na maior parte do Paran\u00e1, o tempo segue seco e apenas com aumento da quantidade de nuvens. A temperatura m\u00e1xima permanece baixa apenas no Rio Grande do Sul e sul de Santa Catarina, onde n\u00e3o passa dos 20\u00b0C.<\/p>\n<p>Na sexta-feira, a frente fria pouco avan\u00e7a e ganha a companhia da umidade proveniente da Amaz\u00f4nia, o que ir\u00e1 intensificar as chuvas, com acumulado de at\u00e9 50mm em 24 horas entre o norte do Rio Grande do Sul e o sul de Santa Catarina. Al\u00e9m disso, tamb\u00e9m chove fraco no sul do Paran\u00e1.<\/p>\n","protected":false},"excerpt":{"rendered":"<p>Chuva poder\u00e1 atingir 30mm em 24h no sul do Estado. Previs\u00e3o do tempo alerta sobre nova frente fria e chuvas no Sul. A ter\u00e7a-feira ainda ser\u00e1 ensolarada na maior parte do Sul do pa\u00eds. J\u00e1 a partir de amanh\u00e3, uma nova frente fria volta a provocar pancadas de chuva e trovoadas em boa parte do [&hellip;]<\/p>\n","protected":false},"author":3,"featured_media":0,"comment_status":"open","ping_status":"open","sticky":false,"template":"","format":"standard","meta":{"tdm_status":"","tdm_grid_status":"","footnotes":""},"categories":[22,327],"tags":[],"class_list":{"0":"post-7466","1":"post","2":"type-post","3":"status-publish","4":"format-standard","6":"category-brasil","7":"category-clima"},"_links":{"self":[{"href":"https:\/\/migracao.redenoticia.com.br\/noticia\/wp-json\/wp\/v2\/posts\/7466","targetHints":{"allow":["GET"]}}],"collection":[{"href":"https:\/\/migracao.redenoticia.com.br\/noticia\/wp-json\/wp\/v2\/posts"}],"about":[{"href":"https:\/\/migracao.redenoticia.com.br\/noticia\/wp-json\/wp\/v2\/types\/post"}],"author":[{"embeddable":true,"href":"https:\/\/migracao.redenoticia.com.br\/noticia\/wp-json\/wp\/v2\/users\/3"}],"replies":[{"embeddable":true,"href":"https:\/\/migracao.redenoticia.com.br\/noticia\/wp-json\/wp\/v2\/comments?post=7466"}],"version-history":[{"count":0,"href":"https:\/\/migracao.redenoticia.com.br\/noticia\/wp-json\/wp\/v2\/posts\/7466\/revisions"}],"wp:attachment":[{"href":"https:\/\/migracao.redenoticia.com.br\/noticia\/wp-json\/wp\/v2\/media?parent=7466"}],"wp:term":[{"taxonomy":"category","embeddable":true,"href":"https:\/\/migracao.redenoticia.com.br\/noticia\/wp-json\/wp\/v2\/categories?post=7466"},{"taxonomy":"post_tag","embeddable":true,"href":"https:\/\/migracao.redenoticia.com.br\/noticia\/wp-json\/wp\/v2\/tags?post=7466"}],"curies":[{"name":"wp","href":"https:\/\/api.w.org\/{rel}","templated":true}]}}