{"id":7478,"date":"2009-08-04T13:38:25","date_gmt":"2009-08-04T17:38:25","guid":{"rendered":"http:\/\/www.redenoticia.com.br\/noticia\/?p=7478"},"modified":"2009-08-04T13:38:25","modified_gmt":"2009-08-04T17:38:25","slug":"climatempo-participa-do-sustentavel-2009","status":"publish","type":"post","link":"https:\/\/migracao.redenoticia.com.br\/noticia\/2009\/climatempo-participa-do-sustentavel-2009\/7478","title":{"rendered":"Climatempo participa do Sustent\u00e1vel 2009"},"content":{"rendered":"<p>De hoje at\u00e9 o dia 6 de agosto, no Teatro TUCA, na Pontif\u00edcia Universidade Cat\u00f3lica de S\u00e3o Paulo (PUC-SP), acontece o 3\u00ba Congresso Internacional sobre Desenvolvimento Sustent\u00e1vel. Durante os tr\u00eas dias, mais de 50 l\u00edderes de diversos pa\u00edses estar\u00e3o reunidos para o debate sobre alternativas e solu\u00e7\u00f5es por um mundo mais sustent\u00e1vel. O Presidente da Climatempo, Carlos Magno, participa nesta quarta-feira \u00e0s 8:30h, do workshop &#8220;Mercado Segurador e Mudan\u00e7as Clim\u00e1ticas.&#8221;<\/p>\n<p>O Conselho Empresarial Brasileiro para o Desenvolvimento Sustent\u00e1vel &#8211; CEBDS, organizador do evento, selecionou como temas para este congresso a governan\u00e7a global para a sustentabilidade, mudan\u00e7as clim\u00e1ticas, o dilema da \u00e1gua, seguran\u00e7a alimentar, constru\u00e7\u00e3o sustent\u00e1vel, mercado de trabalho, educa\u00e7\u00e3o, sustentabilidade e consumo, biodiversidade e neg\u00f3cios, empreendedores sociais e ambientais, conhecimento e inova\u00e7\u00e3o.<br \/>\nO Sustent\u00e1vel 2009 contar\u00e1 com a participa\u00e7\u00e3o de especialistas no assunto, como Achim Steiner, diretor executivo do Programa das Na\u00e7\u00f5es Unidas para o Meio Ambiente (PNUMA), e Celso Schenkel, coordenador de Ci\u00eancias e Meio Ambiente da UNESCO no Brasil.<\/p>\n<p>Servi\u00e7o<br \/>\n3\u00ba Congresso Internacional sobre Desenvolvimento Sustent\u00e1vel<br \/>\nLocal: TUCA &#8211; Teatro da Pontif\u00edcia Universidade Cat\u00f3lica de S\u00e3o Paulo<br \/>\nData: de 4 a 6 de agosto<br \/>\nHor\u00e1rio: das 10 horas \u00e0s 20 horas<br \/>\nWorkshop com o Presidente da Climatempo, Carlos Magno<br \/>\nLocal: Audit\u00f3rio do TUCA &#8211; Teatro da Pontif\u00edcia Universidade Cat\u00f3lica de S\u00e3o Paulo<br \/>\nData: 5 de agosto<br \/>\nHor\u00e1rio: 8:30 \u00e0s 10:30, no audit\u00f3rio &#8220;Mercado Segurador e Mudan\u00e7as Clim\u00e1ticas&#8221;.<br \/>\nEndere\u00e7o: Rua Monte Alegre, 1.024, em Perdizes. S\u00e3o Paulo &#8211; SP.<br \/>\nMais informa\u00e7\u00f5es: http:\/\/www.sustentavel.org.br<\/p>\n","protected":false},"excerpt":{"rendered":"<p>De hoje at\u00e9 o dia 6 de agosto, no Teatro TUCA, na Pontif\u00edcia Universidade Cat\u00f3lica de S\u00e3o Paulo (PUC-SP), acontece o 3\u00ba Congresso Internacional sobre Desenvolvimento Sustent\u00e1vel. Durante os tr\u00eas dias, mais de 50 l\u00edderes de diversos pa\u00edses estar\u00e3o reunidos para o debate sobre alternativas e solu\u00e7\u00f5es por um mundo mais sustent\u00e1vel. O Presidente da [&hellip;]<\/p>\n","protected":false},"author":3,"featured_media":0,"comment_status":"open","ping_status":"open","sticky":false,"template":"","format":"standard","meta":{"tdm_status":"","tdm_grid_status":"","footnotes":""},"categories":[22,327],"tags":[],"class_list":{"0":"post-7478","1":"post","2":"type-post","3":"status-publish","4":"format-standard","6":"category-brasil","7":"category-clima"},"_links":{"self":[{"href":"https:\/\/migracao.redenoticia.com.br\/noticia\/wp-json\/wp\/v2\/posts\/7478","targetHints":{"allow":["GET"]}}],"collection":[{"href":"https:\/\/migracao.redenoticia.com.br\/noticia\/wp-json\/wp\/v2\/posts"}],"about":[{"href":"https:\/\/migracao.redenoticia.com.br\/noticia\/wp-json\/wp\/v2\/types\/post"}],"author":[{"embeddable":true,"href":"https:\/\/migracao.redenoticia.com.br\/noticia\/wp-json\/wp\/v2\/users\/3"}],"replies":[{"embeddable":true,"href":"https:\/\/migracao.redenoticia.com.br\/noticia\/wp-json\/wp\/v2\/comments?post=7478"}],"version-history":[{"count":0,"href":"https:\/\/migracao.redenoticia.com.br\/noticia\/wp-json\/wp\/v2\/posts\/7478\/revisions"}],"wp:attachment":[{"href":"https:\/\/migracao.redenoticia.com.br\/noticia\/wp-json\/wp\/v2\/media?parent=7478"}],"wp:term":[{"taxonomy":"category","embeddable":true,"href":"https:\/\/migracao.redenoticia.com.br\/noticia\/wp-json\/wp\/v2\/categories?post=7478"},{"taxonomy":"post_tag","embeddable":true,"href":"https:\/\/migracao.redenoticia.com.br\/noticia\/wp-json\/wp\/v2\/tags?post=7478"}],"curies":[{"name":"wp","href":"https:\/\/api.w.org\/{rel}","templated":true}]}}