{"id":7482,"date":"2009-08-04T13:41:45","date_gmt":"2009-08-04T17:41:45","guid":{"rendered":"http:\/\/www.redenoticia.com.br\/noticia\/?p=7482"},"modified":"2009-08-04T13:41:45","modified_gmt":"2009-08-04T17:41:45","slug":"ii-festival-de-flores-de-holambra-em-porto-velho-rondonia","status":"publish","type":"post","link":"https:\/\/migracao.redenoticia.com.br\/noticia\/2009\/ii-festival-de-flores-de-holambra-em-porto-velho-rondonia\/7482","title":{"rendered":"II Festival de Flores de Holambra em Porto Velho &#8211; Rond\u00f4nia"},"content":{"rendered":"<ul>\n<p align=\"justify\"><span style=\"font-family: 'Times New Roman'; font-size: medium;\">A partir de quinta-feira, \u00e0s 9 horas, no Gin\u00e1sio Cl\u00e1udio Coutinho, Porto Velho estar\u00e1\u00a0recebendo o II Festival de Flores de Holambra. O evento vai durar dez dias, de 6 a 16 de agosto.<\/span><\/p>\n<\/ul>\n<ul>\n<p align=\"justify\"><span style=\"font-family: 'Times New Roman'; font-size: medium;\">O Primeiro que ocorreu no ano passado, foi um sucesso e quebrou todos os recordes de venda e p\u00fablico, deixando para tr\u00e1s cidades como Bras\u00edlia, Cuiab\u00e1 e Florian\u00f3polis.<\/span><\/p>\n<\/ul>\n<ul>\n<p align=\"justify\"><span style=\"font-family: 'Times New Roman'; font-size: medium;\">O Festival traz, diretamente de Holambra, Flores e plantas ornamentais de todas as esp\u00e9cies. Voc\u00ea\u00a0que \u00e9 amante das flores vai poder encontrar desde orqu\u00eddeas a plantas carn\u00edvoras, de palmeiras a bonsais. Tudo com a qualidade e o esmero que fez de Holambra um munic\u00edpio dedicado a produ\u00e7\u00e3o de beleza. <\/span><\/p>\n<\/ul>\n<ul>\n<p align=\"justify\"><span style=\"font-family: 'Times New Roman'; font-size: medium;\">O Festival \u00e9\u00a0uma realiza\u00e7\u00e3o da Uni\u00e3o do Vegetal em parceria com a Holambra e est\u00e1 pleiteando fazer parte do calend\u00e1rio de eventos do munic\u00edpio. Trata-se de um evento beneficente, onde a renda apurada pela Uni\u00e3o do Vegetal vai ser destinada a continuidade de\u00a0 seu trabalho de benefic\u00eancia que desde 1961, quando o seringueiro Jos\u00e9 Gabriel da Costa, recriou a Uni\u00e3o do Vegetal aqui mesmo em nossa cidade.<\/span><\/p>\n<\/ul>\n","protected":false},"excerpt":{"rendered":"<p>A partir de quinta-feira, \u00e0s 9 horas, no Gin\u00e1sio Cl\u00e1udio Coutinho, Porto Velho estar\u00e1\u00a0recebendo o II Festival de Flores de Holambra. O evento vai durar dez dias, de 6 a 16 de agosto. O Primeiro que ocorreu no ano passado, foi um sucesso e quebrou todos os recordes de venda e p\u00fablico, deixando para tr\u00e1s [&hellip;]<\/p>\n","protected":false},"author":2,"featured_media":0,"comment_status":"open","ping_status":"open","sticky":false,"template":"","format":"standard","meta":{"tdm_status":"","tdm_grid_status":"","footnotes":""},"categories":[22],"tags":[],"class_list":{"0":"post-7482","1":"post","2":"type-post","3":"status-publish","4":"format-standard","6":"category-brasil"},"_links":{"self":[{"href":"https:\/\/migracao.redenoticia.com.br\/noticia\/wp-json\/wp\/v2\/posts\/7482","targetHints":{"allow":["GET"]}}],"collection":[{"href":"https:\/\/migracao.redenoticia.com.br\/noticia\/wp-json\/wp\/v2\/posts"}],"about":[{"href":"https:\/\/migracao.redenoticia.com.br\/noticia\/wp-json\/wp\/v2\/types\/post"}],"author":[{"embeddable":true,"href":"https:\/\/migracao.redenoticia.com.br\/noticia\/wp-json\/wp\/v2\/users\/2"}],"replies":[{"embeddable":true,"href":"https:\/\/migracao.redenoticia.com.br\/noticia\/wp-json\/wp\/v2\/comments?post=7482"}],"version-history":[{"count":0,"href":"https:\/\/migracao.redenoticia.com.br\/noticia\/wp-json\/wp\/v2\/posts\/7482\/revisions"}],"wp:attachment":[{"href":"https:\/\/migracao.redenoticia.com.br\/noticia\/wp-json\/wp\/v2\/media?parent=7482"}],"wp:term":[{"taxonomy":"category","embeddable":true,"href":"https:\/\/migracao.redenoticia.com.br\/noticia\/wp-json\/wp\/v2\/categories?post=7482"},{"taxonomy":"post_tag","embeddable":true,"href":"https:\/\/migracao.redenoticia.com.br\/noticia\/wp-json\/wp\/v2\/tags?post=7482"}],"curies":[{"name":"wp","href":"https:\/\/api.w.org\/{rel}","templated":true}]}}