{"id":7489,"date":"2009-08-04T14:05:18","date_gmt":"2009-08-04T18:05:18","guid":{"rendered":"http:\/\/www.redenoticia.com.br\/noticia\/?p=7489"},"modified":"2009-08-04T14:05:18","modified_gmt":"2009-08-04T18:05:18","slug":"iphan-lanca-premio-silvio-romero-2009-sobre-folclore-e-cultura-popular","status":"publish","type":"post","link":"https:\/\/migracao.redenoticia.com.br\/noticia\/2009\/iphan-lanca-premio-silvio-romero-2009-sobre-folclore-e-cultura-popular\/7489","title":{"rendered":"IPHAN lan\u00e7a Pr\u00eamio Silvio Romero 2009  sobre Folclore e Cultura Popular"},"content":{"rendered":"<p>O Instituto do Patrim\u00f4nio Hist\u00f3rico e Art\u00edstico Nacional \u2013 IPHAN, atrav\u00e9s do Centro Nacional de Folclore e Cultura Popular, abriu as inscri\u00e7\u00f5es para o Pr\u00eamio S\u00edlvio Romero 2009, que vai escolher as melhores monografias sobre folclore e cultura popular.<\/p>\n<p>Criado em 1959, o pr\u00eamio \u00e9 concedido anualmente\u00a0 aos dois primeiros trabalhos selecionados por comiss\u00e3o julgadora, composta por especialistas, que poder\u00e1 a seu crit\u00e9rio, indicar at\u00e9 tr\u00eas men\u00e7\u00f5es honrosas.<\/p>\n<p>As monografias concorrentes dever\u00e3o conter: contribui\u00e7\u00e3o ao aprofundamento e \u00e0 renova\u00e7\u00e3o dos estudos de folclore e cultura popular, originalidade do tema e\/ou abordagem, dom\u00ednio de bibliografia especializada, consist\u00eancia na argumenta\u00e7\u00e3o e clareza na apresenta\u00e7\u00e3o dos resultados, fundamenta\u00e7\u00e3o te\u00f3rica, quadro de refer\u00eancia conceitual e metodologia empregada,desenvolvimento do trabalho com base em pesquisa de campo e\/ou bibliogr\u00e1fica.<\/p>\n<p>Os valores do pr\u00eamio s\u00e3o de R$ 13 mil e R$ 10 mil, destinados \u00e0s monografias classificadas em primeiro e segundo lugares, respectivamente., que devem ser in\u00e9ditas e ter por objeto temas da cultura popular e do folclore brasileiros.<\/p>\n<p>Para o Superintendente do IPHAN em Rond\u00f4nia, Beto Bertagna \u201c\u00e9 mais um incentivo \u00e0 pesquisa sobre temas regionais que ainda n\u00e3o tiveram\u00a0 pesquisa e divulga\u00e7\u00e3o adequadas como religi\u00e3o e sistemas de cren\u00e7as em geral, rituais, cultura material, m\u00fasica, literatura oral, folclore, dentre outros. Rond\u00f4nia \u00e9 um Estado novo, mas que come\u00e7a a se projetar nas atividades art\u00edsticas e intelectuais.\u201d<\/p>\n<p>-\u201cPrecisamos incentivar cada vez mais os nossos pesquisadores , e o IPHAN tem um papel importante neste processo\u201d, concluiu Bertagna.<\/p>\n<p>Os trabalhos dever\u00e3o ser enviados por carta registrada ou SEDEX ao Centro Nacional de Folclore e Cultura Popular, sediado na Rua do Catete, 179 \u2013 Catete, Rio de Janeiro \u2013 RJ, CEP 22.220-000 impreterivelmente at\u00e9 o dia 31 de agosto, sendo que o carimbo de postagem dos Correios servir\u00e1 de comprovante para a observ\u00e2ncia do prazo.<\/p>\n","protected":false},"excerpt":{"rendered":"<p>O Instituto do Patrim\u00f4nio Hist\u00f3rico e Art\u00edstico Nacional \u2013 IPHAN, atrav\u00e9s do Centro Nacional de Folclore e Cultura Popular, abriu as inscri\u00e7\u00f5es para o Pr\u00eamio S\u00edlvio Romero 2009, que vai escolher as melhores monografias sobre folclore e cultura popular. Criado em 1959, o pr\u00eamio \u00e9 concedido anualmente\u00a0 aos dois primeiros trabalhos selecionados por comiss\u00e3o julgadora, [&hellip;]<\/p>\n","protected":false},"author":2,"featured_media":0,"comment_status":"open","ping_status":"open","sticky":false,"template":"","format":"standard","meta":{"tdm_status":"","tdm_grid_status":"","footnotes":""},"categories":[22],"tags":[],"class_list":{"0":"post-7489","1":"post","2":"type-post","3":"status-publish","4":"format-standard","6":"category-brasil"},"_links":{"self":[{"href":"https:\/\/migracao.redenoticia.com.br\/noticia\/wp-json\/wp\/v2\/posts\/7489","targetHints":{"allow":["GET"]}}],"collection":[{"href":"https:\/\/migracao.redenoticia.com.br\/noticia\/wp-json\/wp\/v2\/posts"}],"about":[{"href":"https:\/\/migracao.redenoticia.com.br\/noticia\/wp-json\/wp\/v2\/types\/post"}],"author":[{"embeddable":true,"href":"https:\/\/migracao.redenoticia.com.br\/noticia\/wp-json\/wp\/v2\/users\/2"}],"replies":[{"embeddable":true,"href":"https:\/\/migracao.redenoticia.com.br\/noticia\/wp-json\/wp\/v2\/comments?post=7489"}],"version-history":[{"count":0,"href":"https:\/\/migracao.redenoticia.com.br\/noticia\/wp-json\/wp\/v2\/posts\/7489\/revisions"}],"wp:attachment":[{"href":"https:\/\/migracao.redenoticia.com.br\/noticia\/wp-json\/wp\/v2\/media?parent=7489"}],"wp:term":[{"taxonomy":"category","embeddable":true,"href":"https:\/\/migracao.redenoticia.com.br\/noticia\/wp-json\/wp\/v2\/categories?post=7489"},{"taxonomy":"post_tag","embeddable":true,"href":"https:\/\/migracao.redenoticia.com.br\/noticia\/wp-json\/wp\/v2\/tags?post=7489"}],"curies":[{"name":"wp","href":"https:\/\/api.w.org\/{rel}","templated":true}]}}