{"id":749,"date":"2009-04-22T18:25:37","date_gmt":"2009-04-22T22:25:37","guid":{"rendered":"http:\/\/www.redenoticia.com.br\/noticia\/?p=749"},"modified":"2009-04-23T13:31:13","modified_gmt":"2009-04-23T17:31:13","slug":"rondnia-pretende-vacinar-80-mil-idosos","status":"publish","type":"post","link":"https:\/\/migracao.redenoticia.com.br\/noticia\/2009\/rondnia-pretende-vacinar-80-mil-idosos\/749","title":{"rendered":"Rond&ocirc;nia pretende vacinar 80 mil idosos"},"content":{"rendered":"<p><a href=\"http:\/\/redenoticia.com.br\/noticia\/imagens\/Rondniapretendevacinar80milidosos_10311\/clip_image002.gif\"><img loading=\"lazy\" decoding=\"async\" title=\"clip_image002\" style=\"border-top-width: 0px; display: inline; border-left-width: 0px; border-bottom-width: 0px; border-right-width: 0px\" height=\"5\" alt=\"clip_image002\" src=\"http:\/\/redenoticia.com.br\/noticia\/imagens\/Rondniapretendevacinar80milidosos_10311\/clip_image002_thumb.gif\" width=\"5\" border=\"0\" \/><\/a><\/p>\n<p>A meta do Governo do Estado \u00e9 imunizar aproximadamente 80 mil pessoas acima de 60 anos no estado. A campanha segue at\u00e9 o pr\u00f3ximo dia 8 de maio. O tema da campanha de 2009 \u00e9 \u201cDeixa a gripe na saudade, Vacine-se\u201d.<\/p>\n<p>\u201cA vacina contra o v\u00edrus causador da gripe estar\u00e1 dispon\u00edvel em mais de 400 postos de sa\u00fade, pontos de vacina\u00e7\u00e3o e unidades de sa\u00fade nos 52 munic\u00edpios do estado. Segundo dados do Minist\u00e9rio da Sa\u00fade, existem atualmente, em Rond\u00f4nia, 98.189 pessoas na faixa et\u00e1ria entre os 60 e 80 anos ou mais. Mas a expectativa \u00e9 vacinar 78.551, o que representa 80% do total\u201d explicou Milton Moreira, secret\u00e1rio de Estado da Sa\u00fade. <\/p>\n<p>De acordo com a coordenadora do Programa Estadual de Imuniza\u00e7\u00e3o, a m\u00e9dica Elba Miranda, a cobertura da vacina\u00e7\u00e3o contra a gripe tem evolu\u00eddo anualmente. No inicio da campanha, em 1999, foram imunizadas 30 mil pessoas. Em 10 anos o n\u00famero de imunizados aumentou praticamente tr\u00eas vezes. \u201cEstamos trabalhando com perspectiva voltada para atender o maior n\u00famero de idosos, at\u00e9 mesmo superando a meta nacional. A expectativa de 80% de pessoas vacinadas tamb\u00e9m cresceu em 2008. At\u00e9 ent\u00e3o \u00e0 meta era de 70%\u201d.<\/p>\n<p><b>Riscos da gripe<\/b><\/p>\n<p>A vacina\u00e7\u00e3o contra a gripe em pessoas idosas diminui em 90% dos casos o risco de contrair a doen\u00e7a. Ao contr\u00e1rio do que a maioria pensa, a gripe \u00e9 uma doen\u00e7a perigosa e pode at\u00e9 levar o paciente \u00e0 morte. No caso de pessoas com mais de 60 anos, o organismo \u00e9 mais vulner\u00e1vel \u00e0 gripe e aumenta os riscos de contrair a doen\u00e7a, por isso a necessidade de se tomar \u00e0 vacina anualmente. <\/p>\n<p>O v\u00edrus influenza, que ataca o sistema respirat\u00f3rio, \u00e9 uma enfermidade contagiosa e transmitida de uma pessoa infectada para outra saud\u00e1vel por tosse, espirro ou durante uma conversa. A gripe pode apresentar desde quadros leves e de curta dura\u00e7\u00e3o at\u00e9 formas mais graves, que acometem em especial grupos de maior vulnerabilidade, como os idosos.<\/p>\n<p><b>Fonte: <\/b>A\/I SESAU &#8211; Secretaria de Estado da Sa\u00fade<\/p>\n<p>Foto: Jos\u00e9 Cruz\/ABr<\/p>\n","protected":false},"excerpt":{"rendered":"<p>A meta do Governo do Estado \u00e9 imunizar aproximadamente 80 mil pessoas acima de 60 anos no estado. A campanha segue at\u00e9 o pr\u00f3ximo dia 8 de maio. O tema da campanha de 2009 \u00e9 \u201cDeixa a gripe na saudade, Vacine-se\u201d. \u201cA vacina contra o v\u00edrus causador da gripe estar\u00e1 dispon\u00edvel em mais de 400 [&hellip;]<\/p>\n","protected":false},"author":2,"featured_media":0,"comment_status":"open","ping_status":"open","sticky":false,"template":"","format":"standard","meta":{"tdm_status":"","tdm_grid_status":"","footnotes":""},"categories":[22],"tags":[],"class_list":{"0":"post-749","1":"post","2":"type-post","3":"status-publish","4":"format-standard","6":"category-brasil"},"_links":{"self":[{"href":"https:\/\/migracao.redenoticia.com.br\/noticia\/wp-json\/wp\/v2\/posts\/749","targetHints":{"allow":["GET"]}}],"collection":[{"href":"https:\/\/migracao.redenoticia.com.br\/noticia\/wp-json\/wp\/v2\/posts"}],"about":[{"href":"https:\/\/migracao.redenoticia.com.br\/noticia\/wp-json\/wp\/v2\/types\/post"}],"author":[{"embeddable":true,"href":"https:\/\/migracao.redenoticia.com.br\/noticia\/wp-json\/wp\/v2\/users\/2"}],"replies":[{"embeddable":true,"href":"https:\/\/migracao.redenoticia.com.br\/noticia\/wp-json\/wp\/v2\/comments?post=749"}],"version-history":[{"count":0,"href":"https:\/\/migracao.redenoticia.com.br\/noticia\/wp-json\/wp\/v2\/posts\/749\/revisions"}],"wp:attachment":[{"href":"https:\/\/migracao.redenoticia.com.br\/noticia\/wp-json\/wp\/v2\/media?parent=749"}],"wp:term":[{"taxonomy":"category","embeddable":true,"href":"https:\/\/migracao.redenoticia.com.br\/noticia\/wp-json\/wp\/v2\/categories?post=749"},{"taxonomy":"post_tag","embeddable":true,"href":"https:\/\/migracao.redenoticia.com.br\/noticia\/wp-json\/wp\/v2\/tags?post=749"}],"curies":[{"name":"wp","href":"https:\/\/api.w.org\/{rel}","templated":true}]}}