{"id":74902,"date":"2015-09-08T15:24:12","date_gmt":"2015-09-08T18:24:12","guid":{"rendered":"http:\/\/www.redenoticia.com.br\/noticia\/?p=74902"},"modified":"2015-09-08T15:24:12","modified_gmt":"2015-09-08T18:24:12","slug":"fatecs-oferecem-isencao-e-reducao-da-taxa-do-vestibular","status":"publish","type":"post","link":"https:\/\/migracao.redenoticia.com.br\/noticia\/2015\/fatecs-oferecem-isencao-e-reducao-da-taxa-do-vestibular\/74902","title":{"rendered":"Fatecs oferecem isen\u00e7\u00e3o e redu\u00e7\u00e3o da taxa do Vestibular"},"content":{"rendered":"<p>Estudantes interessados em prestar o <em><strong>vestibular das Faculdades de Tecnologia<\/strong><\/em> (Fatecs) SP para o primeiro semestre de 2016 podem se inscrever para isen\u00e7\u00e3o e redu\u00e7\u00e3o de 50% da taxa de inscri\u00e7\u00e3o. Ser\u00e3o oferecidas seis mil isen\u00e7\u00f5es.<\/p>\n<p>Os interessados podem se inscrever at\u00e9 as 15 horas do dia 18 de setembro, preenchendo o formul\u00e1rio espec\u00edfico dispon\u00edvel no site do . Os candidatos podem pleitear os dois benef\u00edcios, desde que atendam aos requisitos. Neste caso, devem efetuar duas inscri\u00e7\u00f5es.<\/p>\n<p>Os documentos devem ser entregues entre os dias 8 e 18 de setembro, das 9h \u00e0s 20h (somente nos dias \u00fateis), na secretaria da Fatec em que o candidato pretende estudar. O resultado dos pedidos de isen\u00e7\u00e3o e redu\u00e7\u00e3o ser\u00e1 divulgado no dia 7 de outubro, somente pela internet.<\/p>\n<p>Mais informa\u00e7\u00f5es podem ser obtidas pelos telefones (11) 3471-4103 (Capital e Grande S\u00e3o Paulo) e 0800 596 96 96 (demais localidades) ou pelo site do .<\/p>\n<p>Do Portal do Governo do Estado SP<\/p>\n","protected":false},"excerpt":{"rendered":"<p>Estudantes interessados em prestar o vestibular das Faculdades de Tecnologia (Fatecs) SP para o primeiro semestre de 2016 podem se inscrever para isen\u00e7\u00e3o e redu\u00e7\u00e3o de 50% da taxa de inscri\u00e7\u00e3o. Ser\u00e3o oferecidas seis mil isen\u00e7\u00f5es. Os interessados podem se inscrever at\u00e9 as 15 horas do dia 18 de setembro, preenchendo o formul\u00e1rio espec\u00edfico dispon\u00edvel [&hellip;]<\/p>\n","protected":false},"author":2,"featured_media":19945,"comment_status":"open","ping_status":"closed","sticky":false,"template":"","format":"standard","meta":{"tdm_status":"","tdm_grid_status":"","footnotes":""},"categories":[22,370,295],"tags":[],"class_list":{"0":"post-74902","1":"post","2":"type-post","3":"status-publish","4":"format-standard","5":"has-post-thumbnail","7":"category-brasil","8":"category-inscricao","9":"category-vestibular"},"_links":{"self":[{"href":"https:\/\/migracao.redenoticia.com.br\/noticia\/wp-json\/wp\/v2\/posts\/74902","targetHints":{"allow":["GET"]}}],"collection":[{"href":"https:\/\/migracao.redenoticia.com.br\/noticia\/wp-json\/wp\/v2\/posts"}],"about":[{"href":"https:\/\/migracao.redenoticia.com.br\/noticia\/wp-json\/wp\/v2\/types\/post"}],"author":[{"embeddable":true,"href":"https:\/\/migracao.redenoticia.com.br\/noticia\/wp-json\/wp\/v2\/users\/2"}],"replies":[{"embeddable":true,"href":"https:\/\/migracao.redenoticia.com.br\/noticia\/wp-json\/wp\/v2\/comments?post=74902"}],"version-history":[{"count":0,"href":"https:\/\/migracao.redenoticia.com.br\/noticia\/wp-json\/wp\/v2\/posts\/74902\/revisions"}],"wp:featuredmedia":[{"embeddable":true,"href":"https:\/\/migracao.redenoticia.com.br\/noticia\/wp-json\/wp\/v2\/media\/19945"}],"wp:attachment":[{"href":"https:\/\/migracao.redenoticia.com.br\/noticia\/wp-json\/wp\/v2\/media?parent=74902"}],"wp:term":[{"taxonomy":"category","embeddable":true,"href":"https:\/\/migracao.redenoticia.com.br\/noticia\/wp-json\/wp\/v2\/categories?post=74902"},{"taxonomy":"post_tag","embeddable":true,"href":"https:\/\/migracao.redenoticia.com.br\/noticia\/wp-json\/wp\/v2\/tags?post=74902"}],"curies":[{"name":"wp","href":"https:\/\/api.w.org\/{rel}","templated":true}]}}