{"id":7492,"date":"2009-08-04T14:07:28","date_gmt":"2009-08-04T18:07:28","guid":{"rendered":"http:\/\/www.redenoticia.com.br\/noticia\/?p=7492"},"modified":"2009-08-04T14:07:28","modified_gmt":"2009-08-04T18:07:28","slug":"3%c2%ba-festival-contato-divulga-a-relacao-de-projetos-multimidia-contemplados-no-concurso-contato-universitario","status":"publish","type":"post","link":"https:\/\/migracao.redenoticia.com.br\/noticia\/2009\/3%c2%ba-festival-contato-divulga-a-relacao-de-projetos-multimidia-contemplados-no-concurso-contato-universitario\/7492","title":{"rendered":"3\u00ba Festival CONTATO divulga a rela\u00e7\u00e3o de projetos multim\u00eddia contemplados no concurso Contato Universit\u00e1rio"},"content":{"rendered":"<p align=\"center\"><em>Foram selecionadas quatro propostas, que ser\u00e3o produzidas para exibi\u00e7\u00e3o no evento que acontece em outubro, na cidade de S\u00e3o Carlos (SP)<\/em><\/p>\n<p>A equipe do 3\u00ba CONTATO &#8211; Festival Multim\u00eddia de R\u00e1dio, TV, Cinema e Arte Eletr\u00f4nica da Universidade Federal de S\u00e3o Carlos &#8211; divulgou na semana passada os quatro projetos art\u00edsticos elaborados por estudantes universit\u00e1rios selecionados para serem produzidos para exibi\u00e7\u00e3o no evento, que acontece de 7 a 12 de outubro em S\u00e3o Carlos (SP).<\/p>\n<p>No total, foram inscritos 15 projetos, de nove institui\u00e7\u00f5es de Ensino Superior de v\u00e1rios Estados brasileiros. Foram selecionados os projetos: &#8220;Imagin\u00e1rio da Ins\u00f4nia&#8221;, de Anna Thereza Kuhl, da UFSCar; &#8220;Circuito Sensorial&#8221;, de Estela Tiemy Tanaka, da Universidade Estadual de Londrina; &#8220;Corpos Urbanos&#8221;, de M\u00e1rio Augusto Ossent del Nunzio, da USP-SP; e &#8220;Ocupa.FM&#8221;, de Renata Perissinotto Passos, tamb\u00e9m da USP-SP.<br \/>\nOs projetos selecionados buscam mesclar v\u00e1rios suportes de cria\u00e7\u00e3o multim\u00eddia, como \u00e1udio, v\u00eddeo, performance e instala\u00e7\u00e3o. &#8220;Imagin\u00e1rio da Ins\u00f4nia&#8221; \u00e9 uma instala\u00e7\u00e3o que pretende proporcionar uma imers\u00e3o no ambiente do sono, dos sonhos e do inconsciente. A instala\u00e7\u00e3o trabalhar\u00e1 com quatro ambientes que correspondem a momentos do ato de dormir: sonol\u00eancia, ins\u00f4nia, est\u00e1gio do sonho e despertar. Os ambientes contar\u00e3o com imagens e objetos que convidar\u00e3o os espectadores a interagir com a obra.<br \/>\nO projeto &#8220;Ocupa.FM&#8221; promover\u00e1 uma programa\u00e7\u00e3o alternativa de r\u00e1dio, transmitida para todo o espa\u00e7o de exposi\u00e7\u00e3o do Festival CONTATO. Por meio da disponibiliza\u00e7\u00e3o de transmissores de FM de pequeno alcance, os visitantes poder\u00e3o conectar quaisquer aparatos el\u00e9tricos sonoros compat\u00edveis com a instala\u00e7\u00e3o, como, por exemplo, um instrumento musical, e fazer suas pr\u00f3prias interven\u00e7\u00f5es, no formato de miniprograma\u00e7\u00f5es de r\u00e1dio, an\u00fancios, dentre outras cria\u00e7\u00f5es art\u00edsticas. Assim, o participante poder\u00e1 se colocar n\u00e3o s\u00f3 como ouvinte da r\u00e1dio, mas tamb\u00e9m como criador e emissor.<br \/>\nTamb\u00e9m ser\u00e1 apresentado durante o 3\u00ba CONTATO o projeto &#8220;Corpos Urbanos&#8221;. A proposta art\u00edstica \u00e9 realizar a combina\u00e7\u00e3o e fus\u00e3o de imagens, m\u00fasica e movimento, a fim de criar um desempenho apoiado nas dan\u00e7as urbanas. A interven\u00e7\u00e3o ter\u00e1 como suportes os corpos dos bailarinos participantes, a tecnologia do v\u00eddeo e da composi\u00e7\u00e3o musical eletroac\u00fastica, resultando em uma fus\u00e3o de diferentes meios de express\u00e3o.<br \/>\nO &#8220;Circuito Sensorial&#8221; vem da Universidade Estadual de Londrina para trabalhar com as quest\u00f5es sensoriais em duas estruturas. Uma delas \u00e9 feita de pequenas partes de um pl\u00e1stico fino transparente, infladas. A segunda \u00e9 uma estrutura retangular que represa \u00e1gua. Instaladas lado-a-lado, essas estruturas inicialmente s\u00e3o independentes. Quando come\u00e7am as proje\u00e7\u00f5es de imagens, elas ganham contato com o objetivo de potencializar os sentidos e abrir caminho para que sejam desencadeados processos criativos a partir da intera\u00e7\u00e3o do visitante.<\/p>\n<p>O Festival<br \/>\nO CONTATO \u00e9 organizado anualmente pela R\u00e1dio UFSCar, CineUFSCar, Laborat\u00f3rio Aberto de Interatividade e a Coordenadoria de Comunica\u00e7\u00e3o Social da Universidade Federal de S\u00e3o Carlos. O evento re\u00fane agentes culturais de todo o Pa\u00eds na cidade de S\u00e3o Carlos em atividades gratuitas. S\u00e3o realizados debates, oficinas e apresenta\u00e7\u00f5es art\u00edsticas e culturais que fomentam um novo espa\u00e7o de discuss\u00e3o e reflex\u00e3o fora das grandes capitais.<br \/>\nTodas as informa\u00e7\u00f5es sobre o Festival e a rela\u00e7\u00e3o de trabalhos contemplados est\u00e3o dispon\u00edveis no site <a href=\"http:\/\/www.contato.ufscar.br\" target=\"_blank\">www.contato.ufscar.br<\/a>. Mais informa\u00e7\u00f5es pelo telefone da R\u00e1dio UFSCar, o (16) 3351-8099.<\/p>\n","protected":false},"excerpt":{"rendered":"<p>Foram selecionadas quatro propostas, que ser\u00e3o produzidas para exibi\u00e7\u00e3o no evento que acontece em outubro, na cidade de S\u00e3o Carlos (SP) A equipe do 3\u00ba CONTATO &#8211; Festival Multim\u00eddia de R\u00e1dio, TV, Cinema e Arte Eletr\u00f4nica da Universidade Federal de S\u00e3o Carlos &#8211; divulgou na semana passada os quatro projetos art\u00edsticos elaborados por estudantes universit\u00e1rios [&hellip;]<\/p>\n","protected":false},"author":2,"featured_media":0,"comment_status":"open","ping_status":"open","sticky":false,"template":"","format":"standard","meta":{"tdm_status":"","tdm_grid_status":"","footnotes":""},"categories":[22],"tags":[],"class_list":{"0":"post-7492","1":"post","2":"type-post","3":"status-publish","4":"format-standard","6":"category-brasil"},"_links":{"self":[{"href":"https:\/\/migracao.redenoticia.com.br\/noticia\/wp-json\/wp\/v2\/posts\/7492","targetHints":{"allow":["GET"]}}],"collection":[{"href":"https:\/\/migracao.redenoticia.com.br\/noticia\/wp-json\/wp\/v2\/posts"}],"about":[{"href":"https:\/\/migracao.redenoticia.com.br\/noticia\/wp-json\/wp\/v2\/types\/post"}],"author":[{"embeddable":true,"href":"https:\/\/migracao.redenoticia.com.br\/noticia\/wp-json\/wp\/v2\/users\/2"}],"replies":[{"embeddable":true,"href":"https:\/\/migracao.redenoticia.com.br\/noticia\/wp-json\/wp\/v2\/comments?post=7492"}],"version-history":[{"count":0,"href":"https:\/\/migracao.redenoticia.com.br\/noticia\/wp-json\/wp\/v2\/posts\/7492\/revisions"}],"wp:attachment":[{"href":"https:\/\/migracao.redenoticia.com.br\/noticia\/wp-json\/wp\/v2\/media?parent=7492"}],"wp:term":[{"taxonomy":"category","embeddable":true,"href":"https:\/\/migracao.redenoticia.com.br\/noticia\/wp-json\/wp\/v2\/categories?post=7492"},{"taxonomy":"post_tag","embeddable":true,"href":"https:\/\/migracao.redenoticia.com.br\/noticia\/wp-json\/wp\/v2\/tags?post=7492"}],"curies":[{"name":"wp","href":"https:\/\/api.w.org\/{rel}","templated":true}]}}