{"id":7500,"date":"2009-08-04T14:11:50","date_gmt":"2009-08-04T18:11:50","guid":{"rendered":"http:\/\/www.redenoticia.com.br\/noticia\/?p=7500"},"modified":"2009-08-04T14:11:50","modified_gmt":"2009-08-04T18:11:50","slug":"climatempo-alerta-que-nova-frente-fria-muda-o-tempo-no-sul-do-brasil","status":"publish","type":"post","link":"https:\/\/migracao.redenoticia.com.br\/noticia\/2009\/climatempo-alerta-que-nova-frente-fria-muda-o-tempo-no-sul-do-brasil\/7500","title":{"rendered":"Climatempo alerta que nova frente fria muda o tempo no sul do Brasil"},"content":{"rendered":"<p>Climatempo &#8211; No domingo, dia dos Pais, uma forte massa polar derruba a temperatura. Ap\u00f3s um come\u00e7o de semana com predom\u00ednio de sol e tempo firme em quase todo o Sul do Brasil, as condi\u00e7\u00f5es de chuva j\u00e1 aumentam em parte da Regi\u00e3o nesta quarta-feira, dia 05. De acordo com a Climatempo, a chegada de uma frente fria provoca pancadas de chuva a partir da tarde no Rio Grande do Sul. No Paran\u00e1 e em Santa Catarina o tempo fica aberto com temperatura em eleva\u00e7\u00e3o.\u00a0<br \/>\nNa quinta-feira, a frente fria avan\u00e7a mais e h\u00e1 previs\u00e3o de pancadas de chuva em todos os Estados. Pode chover forte em Santa Catarina e no Paran\u00e1. Na sexta-feira, a frente fria se afasta, por\u00e9m ainda deixa muita instabilidade na Regi\u00e3o e ocorrem pancadas de chuva na maior parte das \u00e1reas.<\/p>\n<p>No s\u00e1bado e no domingo, dias 08 e 09, \u00e1reas de nuvens carregadas que avan\u00e7am do norte da Argentina pelo oeste da Regi\u00e3o potencializam as condi\u00e7\u00f5es de chuva em quase todo o Sul. A chuva \u00e9 forte e volumosa no Rio Grande do Sul, com risco de raios, trovoadas e ventos fortes. O acumulado entre quinta-feira e o s\u00e1bado pode chegar a 120 mil\u00edmetros no centro-sul e no oeste do Estado.<\/p>\n<p>Em Santa Catarina e no oeste do Paran\u00e1, o acumulado de chuva deve ficar entre 20 e 50 mil\u00edmetros. Apenas o norte paranaense n\u00e3o deve receber precipita\u00e7\u00e3o significativa, onde o acumulado \u00e9 inferior a 5 mil\u00edmetros. O excesso de chuva no Rio Grande do Sul deve paralisar os trabalhos nas \u00e1reas de plantio do trigo, mas por outro lado, \u00e9 favor\u00e1vel para o aumento da reserva h\u00eddrica nos principais setores ga\u00fachos de rizicultura.<\/p>\n<p>No domingo, dia dos Pais, como se n\u00e3o bastasse a chuva est\u00e1 previsto a chegada de uma forte massa polar que derruba a temperatura no Centro-sul do Brasil. A temperatura diminui bastante em rela\u00e7\u00e3o ao in\u00edcio da semana. De acordo com a Climatempo, pode nevar nos munic\u00edpios mais altos da serra ga\u00facha e catarinense.<br \/>\nO tempo fica chuvoso em todo o Rio Grande do Sul, oeste de Santa Catarina e do Paran\u00e1. No leste ga\u00facho, incluindo Porto Alegre, a chuva \u00e9 forte acompanhada de rajadas de vento, raios e trovoadas. No Vale do Itaja\u00ed e em Florian\u00f3polis, o sol aparece no meio de muitas nuvens e ocorrem pancadas de chuva. No centro-norte paranaense o domingo amanhece com sol, mas ao longo do dia as nuvens aumentam e o c\u00e9u fica nublado com possibilidade de chuviscos.<\/p>\n","protected":false},"excerpt":{"rendered":"<p>Climatempo &#8211; No domingo, dia dos Pais, uma forte massa polar derruba a temperatura. Ap\u00f3s um come\u00e7o de semana com predom\u00ednio de sol e tempo firme em quase todo o Sul do Brasil, as condi\u00e7\u00f5es de chuva j\u00e1 aumentam em parte da Regi\u00e3o nesta quarta-feira, dia 05. De acordo com a Climatempo, a chegada de [&hellip;]<\/p>\n","protected":false},"author":3,"featured_media":0,"comment_status":"open","ping_status":"open","sticky":false,"template":"","format":"standard","meta":{"tdm_status":"","tdm_grid_status":"","footnotes":""},"categories":[22,327],"tags":[],"class_list":{"0":"post-7500","1":"post","2":"type-post","3":"status-publish","4":"format-standard","6":"category-brasil","7":"category-clima"},"_links":{"self":[{"href":"https:\/\/migracao.redenoticia.com.br\/noticia\/wp-json\/wp\/v2\/posts\/7500","targetHints":{"allow":["GET"]}}],"collection":[{"href":"https:\/\/migracao.redenoticia.com.br\/noticia\/wp-json\/wp\/v2\/posts"}],"about":[{"href":"https:\/\/migracao.redenoticia.com.br\/noticia\/wp-json\/wp\/v2\/types\/post"}],"author":[{"embeddable":true,"href":"https:\/\/migracao.redenoticia.com.br\/noticia\/wp-json\/wp\/v2\/users\/3"}],"replies":[{"embeddable":true,"href":"https:\/\/migracao.redenoticia.com.br\/noticia\/wp-json\/wp\/v2\/comments?post=7500"}],"version-history":[{"count":0,"href":"https:\/\/migracao.redenoticia.com.br\/noticia\/wp-json\/wp\/v2\/posts\/7500\/revisions"}],"wp:attachment":[{"href":"https:\/\/migracao.redenoticia.com.br\/noticia\/wp-json\/wp\/v2\/media?parent=7500"}],"wp:term":[{"taxonomy":"category","embeddable":true,"href":"https:\/\/migracao.redenoticia.com.br\/noticia\/wp-json\/wp\/v2\/categories?post=7500"},{"taxonomy":"post_tag","embeddable":true,"href":"https:\/\/migracao.redenoticia.com.br\/noticia\/wp-json\/wp\/v2\/tags?post=7500"}],"curies":[{"name":"wp","href":"https:\/\/api.w.org\/{rel}","templated":true}]}}