{"id":7502,"date":"2009-08-04T14:17:43","date_gmt":"2009-08-04T18:17:43","guid":{"rendered":"http:\/\/www.redenoticia.com.br\/noticia\/?p=7502"},"modified":"2009-08-04T14:17:43","modified_gmt":"2009-08-04T18:17:43","slug":"climatempo-%e2%80%93-el-nino-volta-e-traz-consequencia-para-o-brasil-chuva-em-santa-catarina-a-partir-de-quinta-feira","status":"publish","type":"post","link":"https:\/\/migracao.redenoticia.com.br\/noticia\/2009\/climatempo-%e2%80%93-el-nino-volta-e-traz-consequencia-para-o-brasil-chuva-em-santa-catarina-a-partir-de-quinta-feira\/7502","title":{"rendered":"Climatempo \u2013 El Nino volta e traz conseq\u00fc\u00eancia para o Brasil. Chuva em Santa Catarina a partir de quinta-feira"},"content":{"rendered":"<p>Climatempo &#8211; O El Ni\u00f1o, o aquecimento anormal das \u00e1guas do Pac\u00edfico, est\u00e1 de volta. Veja as suas consequ\u00eancias neste segundo semetre de 2009. As regi\u00f5es Sul e Nordeste normalmente s\u00e3o as mais atingidas pelas irregularidades provocadas pelo El Ni\u00f1o. O Sul com mais chuva do que o normal e o Nordeste com menos chuva. No Sul do Brasil, especialmente no Rio Grande do Sul e em Santa Catarina, a safra de trigo pode sofrer perdas na colheita por conta do excesso de umidade e os produtores tamb\u00e9m podem enfrentar dificuldades no plantio do milho e da soja.\u00a0<\/p>\n<p>J\u00e1 nos Estados do Sudeste e do Centro-Oeste a marca do El Ni\u00f1o \u00e9 a irregularidade, o que pode trazer alguns preju\u00edzos para a agricultura. A previs\u00e3o \u00e9 de per\u00edodos secos intercalando per\u00edodos de chuva. Mas os produtores podem se planejar com anteced\u00eancia. Atualmente, a Climatempo disponibiliza aos seus clientes a previs\u00e3o de curto prazo, que vai de um a quinze dias, e a previs\u00e3o de longo prazo, que \u00e9 a previs\u00e3o de clima e tem validade de um at\u00e9 doze meses. Com estes dados em m\u00e3os os produtores podem organizar os trabalhos e diminuir os riscos nos campos.<\/p>\n<p>Grandes \u00e1reas de instabilidade se formaram sobre Santa Catarina nos \u00faltimos dias e provocaram chuva intensa. De acordo com Patricia Madeira, meteorologista da Climatempo, n\u00e3o \u00e9 normal ocorrer tanta chuva em um curto intervalo de tempo, como aconteceu no leste de Santa Catarina, entre \u00e0 tarde da \u00faltima sexta-feira, dia 31 de julho, e a manh\u00e3 desta segunda-feira, dia 03 de agosto. Um pouco mais de 70 mm foram acumulados, sendo o normal em agosto cerca de 90 mm, explica Patricia.<br \/>\nA partir de quinta-feira volta a chover no litoral catarinense e no vale do Itaja\u00ed, e a Defesa Civil Estadual deve ficar em alerta. Os modelos num\u00e9ricos de previs\u00e3o do tempo indicam que no pr\u00f3ximo fim de semana a situa\u00e7\u00e3o fica semelhante \u00e0 dos \u00faltimos dias, com uma frente fria bloqueada sobre o Sul do Brasil. Em Florian\u00f3polis, o total acumulado pode chegar a 100 mm entre os dias 08 e 09, provocando ainda mais problemas \u00e0 popula\u00e7\u00e3o, acrescenta a meteorologista.<br \/>\nDepois deste epis\u00f3dio, a chuva d\u00e1 uma pequena tr\u00e9gua, mas volta no dia 14 de agosto, com moderada intensidade. A expectativa \u00e9 que agosto termine com totais acumulados muito acima da m\u00e9dia. Uma das explica\u00e7\u00f5es para a anormalidade da chuva em Santa Catarina pode estar no Oceano Pac\u00edfico, que tem \u00e1guas mais quentes do que o normal ao longo da linha do Equador, o que configura a presen\u00e7a do fen\u00f4meno El Ni\u00f1o. Em anos de El Ni\u00f1o o bloqueio atmosf\u00e9rico, que ret\u00e9m as frentes frias no Sul do Brasil, pode ser frequente, o que resulta em chuva abundante, como aconteceu no \u00faltimo fim de semana e pode acontecer novamente nos pr\u00f3ximos dias.<\/p>\n","protected":false},"excerpt":{"rendered":"<p>Climatempo &#8211; O El Ni\u00f1o, o aquecimento anormal das \u00e1guas do Pac\u00edfico, est\u00e1 de volta. Veja as suas consequ\u00eancias neste segundo semetre de 2009. As regi\u00f5es Sul e Nordeste normalmente s\u00e3o as mais atingidas pelas irregularidades provocadas pelo El Ni\u00f1o. O Sul com mais chuva do que o normal e o Nordeste com menos chuva. [&hellip;]<\/p>\n","protected":false},"author":3,"featured_media":0,"comment_status":"open","ping_status":"open","sticky":false,"template":"","format":"standard","meta":{"tdm_status":"","tdm_grid_status":"","footnotes":""},"categories":[22,327],"tags":[],"class_list":{"0":"post-7502","1":"post","2":"type-post","3":"status-publish","4":"format-standard","6":"category-brasil","7":"category-clima"},"_links":{"self":[{"href":"https:\/\/migracao.redenoticia.com.br\/noticia\/wp-json\/wp\/v2\/posts\/7502","targetHints":{"allow":["GET"]}}],"collection":[{"href":"https:\/\/migracao.redenoticia.com.br\/noticia\/wp-json\/wp\/v2\/posts"}],"about":[{"href":"https:\/\/migracao.redenoticia.com.br\/noticia\/wp-json\/wp\/v2\/types\/post"}],"author":[{"embeddable":true,"href":"https:\/\/migracao.redenoticia.com.br\/noticia\/wp-json\/wp\/v2\/users\/3"}],"replies":[{"embeddable":true,"href":"https:\/\/migracao.redenoticia.com.br\/noticia\/wp-json\/wp\/v2\/comments?post=7502"}],"version-history":[{"count":0,"href":"https:\/\/migracao.redenoticia.com.br\/noticia\/wp-json\/wp\/v2\/posts\/7502\/revisions"}],"wp:attachment":[{"href":"https:\/\/migracao.redenoticia.com.br\/noticia\/wp-json\/wp\/v2\/media?parent=7502"}],"wp:term":[{"taxonomy":"category","embeddable":true,"href":"https:\/\/migracao.redenoticia.com.br\/noticia\/wp-json\/wp\/v2\/categories?post=7502"},{"taxonomy":"post_tag","embeddable":true,"href":"https:\/\/migracao.redenoticia.com.br\/noticia\/wp-json\/wp\/v2\/tags?post=7502"}],"curies":[{"name":"wp","href":"https:\/\/api.w.org\/{rel}","templated":true}]}}