{"id":7505,"date":"2009-08-04T16:50:38","date_gmt":"2009-08-04T20:50:38","guid":{"rendered":"http:\/\/www.redenoticia.com.br\/noticia\/?p=7505"},"modified":"2009-08-04T16:50:38","modified_gmt":"2009-08-04T20:50:38","slug":"climatempo-confirma-estado-de-alerta-na-bahia-goiania-e-brasilia","status":"publish","type":"post","link":"https:\/\/migracao.redenoticia.com.br\/noticia\/2009\/climatempo-confirma-estado-de-alerta-na-bahia-goiania-e-brasilia\/7505","title":{"rendered":"Climatempo confirma estado de alerta na Bahia, Goi\u00e2nia e Bras\u00edlia"},"content":{"rendered":"<p>Amanh\u00e3, mais uma vez o dia ser\u00e1 quente na regi\u00e3o central do Brasil. Climatempo confirma estado de alerta na Bahia, Goi\u00e2nia e Bras\u00edlia \u00a0A temperatura subiu na regi\u00e3o central do Brasil na tarde desta ter\u00e7a-feira. Por volta das 13 horas, \u00e0 temperatura estava em 35\u00b0C em Bom Jesus da Lapa, na Bahia e a umidade era de 18%, o que indica estado de alerta segundo a OMS &#8211; Organiza\u00e7\u00e3o Mundial de Sa\u00fade. Voltou a fazer calor em Cuiab\u00e1. \u00c0s 15 horas, os term\u00f4metros marcavam 34\u00b0C no aeroporto local. A umidade relativa do ar caiu, e neste mesmo hor\u00e1rio, chegou a 30%, o que determina estado de aten\u00e7\u00e3o.\u00a0<br \/>\nA regi\u00e3o do Tri\u00e2ngulo Mineiro tamb\u00e9m registrou temperaturas altas nesta tarde. Em Uberaba, fez 30\u00b0C e 27% de umidade, por volta das 15 horas. Fez muito calor tamb\u00e9m em Goi\u00e2nia. No aeroporto Santa Genoveva, os term\u00f4metros marcavam \u00e0s 15 horas, 34\u00b0C e a umidade do ar era de apenas 23%. Uma grande massa de ar seco que predomina sobre o Centro-Oeste do Brasil deixa o tempo aberto, com sol e temperatura alta em Bras\u00edlia. A umidade relativa do ar na capital federal atingiu os 16%, por volta das 15 horas.<\/p>\n<p>Nesta quarta-feira uma massa de ar seco e quente predomina sobre a maioria das \u00e1reas do Nordeste, do Norte, do Centro-Oeste e tamb\u00e9m em quase todo o Sudeste. A presen\u00e7a de ar seco sobre o Brasil nesta \u00e9poca \u00e9 comum e faz de agosto um m\u00eas de seca. Os efeitos negativos da baixa umidade do ar s\u00e3o sentidos h\u00e1 v\u00e1rias semanas especialmente em Goi\u00e1s, na regi\u00e3o de Bras\u00edlia, no Tocantins, em Minas Gerais, no oeste da Bahia e tamb\u00e9m na parte leste de Mato Grosso, perto da divisa com Goi\u00e1s. Nestas \u00e1reas, n\u00edveis de umidade do ar entre 20% e 30% est\u00e3o sendo observados com frequ\u00eancia, e tamb\u00e9m mais cr\u00edticos.<\/p>\n<p>Dias secos, quentes, com chuva ou frio podem ser bons ou ruins, dependendo da necessidade de cada um, da intensidade com que se observam estas condi\u00e7\u00f5es. O excesso de chuva de julho causou grandes atrasos na colheita do caf\u00e9 e no corte da cana-de-a\u00e7\u00facar em S\u00e3o Paulo, no sul de Minas Gerais e no norte do Paran\u00e1. O frio do Sul foi bom para o trigo, mas a geada prejudicou as delicadas planta\u00e7\u00f5es de hortali\u00e7as no Paran\u00e1. A chuva excessiva de julho tamb\u00e9m causou estragos no cintur\u00e3o verde que abastece a Grande S\u00e3o Paulo. A seca em Goi\u00e1s est\u00e1 sendo \u00f3tima para a colheita do gergelim.<\/p>\n<p>O Norte do Brasil tamb\u00e9m j\u00e1 entrou na \u00e9poca de estiagem. A chuva que vem ocorrendo na Regi\u00e3o j\u00e1 \u00e9 r\u00e1pida, com pouco volume e em poucas \u00e1reas. Uma consequ\u00eancia natural da diminui\u00e7\u00e3o da chuva no Norte e no Nordeste do Brasil \u00e9 o aumento do calor. Temperaturas acima dos 34\u00b0C ficam cada vez mais comuns e o calor est\u00e1 s\u00f3 come\u00e7ando. Ainda temos um setembro e um outubro inteiros com pouca chuva. At\u00e9 l\u00e1, o calor s\u00f3 aumenta.<\/p>\n<p>No decorrer desta semana vamos ver quase todo o Brasil sem chuva, mas tamb\u00e9m outra frente fria entrando na Regi\u00e3o Sul e trazendo chuvas intensas, especialmente para o Rio Grande do Sul e Santa Catarina.<\/p>\n","protected":false},"excerpt":{"rendered":"<p>Amanh\u00e3, mais uma vez o dia ser\u00e1 quente na regi\u00e3o central do Brasil. Climatempo confirma estado de alerta na Bahia, Goi\u00e2nia e Bras\u00edlia \u00a0A temperatura subiu na regi\u00e3o central do Brasil na tarde desta ter\u00e7a-feira. Por volta das 13 horas, \u00e0 temperatura estava em 35\u00b0C em Bom Jesus da Lapa, na Bahia e a umidade [&hellip;]<\/p>\n","protected":false},"author":3,"featured_media":0,"comment_status":"open","ping_status":"open","sticky":false,"template":"","format":"standard","meta":{"tdm_status":"","tdm_grid_status":"","footnotes":""},"categories":[22,327],"tags":[],"class_list":{"0":"post-7505","1":"post","2":"type-post","3":"status-publish","4":"format-standard","6":"category-brasil","7":"category-clima"},"_links":{"self":[{"href":"https:\/\/migracao.redenoticia.com.br\/noticia\/wp-json\/wp\/v2\/posts\/7505","targetHints":{"allow":["GET"]}}],"collection":[{"href":"https:\/\/migracao.redenoticia.com.br\/noticia\/wp-json\/wp\/v2\/posts"}],"about":[{"href":"https:\/\/migracao.redenoticia.com.br\/noticia\/wp-json\/wp\/v2\/types\/post"}],"author":[{"embeddable":true,"href":"https:\/\/migracao.redenoticia.com.br\/noticia\/wp-json\/wp\/v2\/users\/3"}],"replies":[{"embeddable":true,"href":"https:\/\/migracao.redenoticia.com.br\/noticia\/wp-json\/wp\/v2\/comments?post=7505"}],"version-history":[{"count":0,"href":"https:\/\/migracao.redenoticia.com.br\/noticia\/wp-json\/wp\/v2\/posts\/7505\/revisions"}],"wp:attachment":[{"href":"https:\/\/migracao.redenoticia.com.br\/noticia\/wp-json\/wp\/v2\/media?parent=7505"}],"wp:term":[{"taxonomy":"category","embeddable":true,"href":"https:\/\/migracao.redenoticia.com.br\/noticia\/wp-json\/wp\/v2\/categories?post=7505"},{"taxonomy":"post_tag","embeddable":true,"href":"https:\/\/migracao.redenoticia.com.br\/noticia\/wp-json\/wp\/v2\/tags?post=7505"}],"curies":[{"name":"wp","href":"https:\/\/api.w.org\/{rel}","templated":true}]}}