{"id":7507,"date":"2009-08-04T16:51:34","date_gmt":"2009-08-04T20:51:34","guid":{"rendered":"http:\/\/www.redenoticia.com.br\/noticia\/?p=7507"},"modified":"2009-08-04T16:51:34","modified_gmt":"2009-08-04T20:51:34","slug":"previsao-do-tempo-divulga-brasilia-atinge-estado-de-alerta","status":"publish","type":"post","link":"https:\/\/migracao.redenoticia.com.br\/noticia\/2009\/previsao-do-tempo-divulga-brasilia-atinge-estado-de-alerta\/7507","title":{"rendered":"Previs\u00e3o do tempo divulga Bras\u00edlia atinge estado de alerta"},"content":{"rendered":"<p>Previs\u00e3o do tempo Somar informa que \u00edndice alcan\u00e7ou 18,9% nesta tarde. Enquanto os vizinhos do Sudeste enfrentam as condi\u00e7\u00f5es de inverno, a popula\u00e7\u00e3o de Bras\u00edlia sofre com o tempo seco e baixa umidade relativa, que alcan\u00e7ou nesta tarde 18,9% na regi\u00e3o do aeroporto Juscelino Kubitschek.\u00a0<\/p>\n<p>De acordo com estudos do Centro de Pesquisas Meteorol\u00f3gicas e Clim\u00e1ticas Aplicadas \u00e0 Agricultura (Cepagri), da Unicamp, qualquer \u00edndice de umidade abaixo de 20% \u00e9 consider\u00e1vel estado de alerta, situa\u00e7\u00e3o que requer mais cuidados com a sa\u00fade, principalmente com problemas respirat\u00f3rios.<\/p>\n<p>Na segunda-feira (3) a baixa umidade tamb\u00e9m foi observada no per\u00edodo da tarde, alcan\u00e7ando 20,3%. E nos pr\u00f3ximos dias, a situa\u00e7\u00e3o deve continuar a mesma. &#8220;No restante da semana n\u00e3o h\u00e1 previs\u00e3o de chuvas para amenizar o tempo seco. O sol predomina, e a m\u00e1xima alcan\u00e7a os 28\u00baC&#8221;, explica Jonathan Cologna, meteorologista da Somar.<\/p>\n<p>No caso de estado de alerta de umidade, o Cepagri recomenda que a popula\u00e7\u00e3o n\u00e3o realize exerc\u00edcios f\u00edsicos e trabalhos ao ar livre entre 10 e 16 horas, evite aglomera\u00e7\u00f5es em ambientes fechados, utilize soro fisiol\u00f3gico nos olhos e narinas, e sobretudo, beba uma maior quantidade de \u00e1gua para aumentar a hidrata\u00e7\u00e3o do corpo.<\/p>\n","protected":false},"excerpt":{"rendered":"<p>Previs\u00e3o do tempo Somar informa que \u00edndice alcan\u00e7ou 18,9% nesta tarde. Enquanto os vizinhos do Sudeste enfrentam as condi\u00e7\u00f5es de inverno, a popula\u00e7\u00e3o de Bras\u00edlia sofre com o tempo seco e baixa umidade relativa, que alcan\u00e7ou nesta tarde 18,9% na regi\u00e3o do aeroporto Juscelino Kubitschek.\u00a0 De acordo com estudos do Centro de Pesquisas Meteorol\u00f3gicas e [&hellip;]<\/p>\n","protected":false},"author":3,"featured_media":0,"comment_status":"open","ping_status":"open","sticky":false,"template":"","format":"standard","meta":{"tdm_status":"","tdm_grid_status":"","footnotes":""},"categories":[22,327],"tags":[],"class_list":{"0":"post-7507","1":"post","2":"type-post","3":"status-publish","4":"format-standard","6":"category-brasil","7":"category-clima"},"_links":{"self":[{"href":"https:\/\/migracao.redenoticia.com.br\/noticia\/wp-json\/wp\/v2\/posts\/7507","targetHints":{"allow":["GET"]}}],"collection":[{"href":"https:\/\/migracao.redenoticia.com.br\/noticia\/wp-json\/wp\/v2\/posts"}],"about":[{"href":"https:\/\/migracao.redenoticia.com.br\/noticia\/wp-json\/wp\/v2\/types\/post"}],"author":[{"embeddable":true,"href":"https:\/\/migracao.redenoticia.com.br\/noticia\/wp-json\/wp\/v2\/users\/3"}],"replies":[{"embeddable":true,"href":"https:\/\/migracao.redenoticia.com.br\/noticia\/wp-json\/wp\/v2\/comments?post=7507"}],"version-history":[{"count":0,"href":"https:\/\/migracao.redenoticia.com.br\/noticia\/wp-json\/wp\/v2\/posts\/7507\/revisions"}],"wp:attachment":[{"href":"https:\/\/migracao.redenoticia.com.br\/noticia\/wp-json\/wp\/v2\/media?parent=7507"}],"wp:term":[{"taxonomy":"category","embeddable":true,"href":"https:\/\/migracao.redenoticia.com.br\/noticia\/wp-json\/wp\/v2\/categories?post=7507"},{"taxonomy":"post_tag","embeddable":true,"href":"https:\/\/migracao.redenoticia.com.br\/noticia\/wp-json\/wp\/v2\/tags?post=7507"}],"curies":[{"name":"wp","href":"https:\/\/api.w.org\/{rel}","templated":true}]}}