{"id":75167,"date":"2015-09-15T15:09:10","date_gmt":"2015-09-15T18:09:10","guid":{"rendered":"http:\/\/www.redenoticia.com.br\/noticia\/?p=75167"},"modified":"2015-09-15T15:12:43","modified_gmt":"2015-09-15T18:12:43","slug":"encontro-na-ufscar-aborda-praticas-populares-em-saude","status":"publish","type":"post","link":"https:\/\/migracao.redenoticia.com.br\/noticia\/2015\/encontro-na-ufscar-aborda-praticas-populares-em-saude\/75167","title":{"rendered":"Encontro na UFSCar aborda pr\u00e1ticas populares em sa\u00fade"},"content":{"rendered":"<p>At\u00e9 o dia 20 de setembro podem ser enviados trabalhos para apresenta\u00e7\u00e3o no &#8220;II Encontro Regional de <em><strong>Pr\u00e1ticas Populares de Sa\u00fade<\/strong><\/em>&#8220;, promovido pelos grupos de Pesquisa &#8220;Pr\u00e1ticas Sociais e Processos Educativos&#8221; e &#8220;Laborat\u00f3rio Interdisciplinar de Estudos e Pr\u00e1ticas em Pol\u00edticas P\u00fablicas, trabalho e educa\u00e7\u00e3o em sa\u00fade&#8221;, ambos da UFSCar, ONG C\u00edrculo S\u00e3o Francisco e Ecovila Tib\u00e1. O evento aborda pr\u00e1ticas populares e tradicionais em sa\u00fade, terapias populares, corporais e complementares.<\/p>\n<p>O encontro visa estimular as pr\u00e1ticas de educa\u00e7\u00e3o popular e sa\u00fade, promover o di\u00e1logo, o compartilhamento e a troca entre pr\u00e1ticas e saberes populares e t\u00e9cnico-cient\u00edficos, tendo em vista a Pol\u00edtica Nacional de Pr\u00e1ticas Integrativas e Complementares no SUS e a Pol\u00edtica Nacional de Educa\u00e7\u00e3o Popular em Sa\u00fade, entre outras.<\/p>\n<p>O evento \u00e9 direcionado a profissionais, estudantes de cursos dos n\u00edveis M\u00e9dio e Superior, gestores de servi\u00e7os e de institui\u00e7\u00f5es formadoras na \u00e1rea da Sa\u00fade, praticantes populares de sa\u00fade e pesquisadores da \u00e1rea.<\/p>\n<p>A programa\u00e7\u00e3o e os procedimentos de inscri\u00e7\u00e3o podem ser conferidos no site . Mais informa\u00e7\u00f5es pelo email mapepssaocarlos@gmail.com.<\/p>\n","protected":false},"excerpt":{"rendered":"<p>At\u00e9 o dia 20 de setembro podem ser enviados trabalhos para apresenta\u00e7\u00e3o no &#8220;II Encontro Regional de Pr\u00e1ticas Populares de Sa\u00fade&#8220;, promovido pelos grupos de Pesquisa &#8220;Pr\u00e1ticas Sociais e Processos Educativos&#8221; e &#8220;Laborat\u00f3rio Interdisciplinar de Estudos e Pr\u00e1ticas em Pol\u00edticas P\u00fablicas, trabalho e educa\u00e7\u00e3o em sa\u00fade&#8221;, ambos da UFSCar, ONG C\u00edrculo S\u00e3o Francisco e Ecovila [&hellip;]<\/p>\n","protected":false},"author":2,"featured_media":37376,"comment_status":"open","ping_status":"closed","sticky":false,"template":"","format":"standard","meta":{"tdm_status":"","tdm_grid_status":"","footnotes":""},"categories":[22,351,370,5],"tags":[],"class_list":{"0":"post-75167","1":"post","2":"type-post","3":"status-publish","4":"format-standard","5":"has-post-thumbnail","7":"category-brasil","8":"category-cursos","9":"category-inscricao","10":"category-saude-e-vida"},"_links":{"self":[{"href":"https:\/\/migracao.redenoticia.com.br\/noticia\/wp-json\/wp\/v2\/posts\/75167","targetHints":{"allow":["GET"]}}],"collection":[{"href":"https:\/\/migracao.redenoticia.com.br\/noticia\/wp-json\/wp\/v2\/posts"}],"about":[{"href":"https:\/\/migracao.redenoticia.com.br\/noticia\/wp-json\/wp\/v2\/types\/post"}],"author":[{"embeddable":true,"href":"https:\/\/migracao.redenoticia.com.br\/noticia\/wp-json\/wp\/v2\/users\/2"}],"replies":[{"embeddable":true,"href":"https:\/\/migracao.redenoticia.com.br\/noticia\/wp-json\/wp\/v2\/comments?post=75167"}],"version-history":[{"count":0,"href":"https:\/\/migracao.redenoticia.com.br\/noticia\/wp-json\/wp\/v2\/posts\/75167\/revisions"}],"wp:featuredmedia":[{"embeddable":true,"href":"https:\/\/migracao.redenoticia.com.br\/noticia\/wp-json\/wp\/v2\/media\/37376"}],"wp:attachment":[{"href":"https:\/\/migracao.redenoticia.com.br\/noticia\/wp-json\/wp\/v2\/media?parent=75167"}],"wp:term":[{"taxonomy":"category","embeddable":true,"href":"https:\/\/migracao.redenoticia.com.br\/noticia\/wp-json\/wp\/v2\/categories?post=75167"},{"taxonomy":"post_tag","embeddable":true,"href":"https:\/\/migracao.redenoticia.com.br\/noticia\/wp-json\/wp\/v2\/tags?post=75167"}],"curies":[{"name":"wp","href":"https:\/\/api.w.org\/{rel}","templated":true}]}}