{"id":752,"date":"2009-04-22T18:32:24","date_gmt":"2009-04-22T22:32:24","guid":{"rendered":"http:\/\/www.redenoticia.com.br\/noticia\/?p=752"},"modified":"2009-04-23T12:16:03","modified_gmt":"2009-04-23T16:16:03","slug":"projeto-do-senador-expedito-aprovado-na-ccj","status":"publish","type":"post","link":"https:\/\/migracao.redenoticia.com.br\/noticia\/2009\/projeto-do-senador-expedito-aprovado-na-ccj\/752","title":{"rendered":"Projeto do Senador Expedito aprovado na CCJ"},"content":{"rendered":"<p>A Comiss\u00e3o de Constitui\u00e7\u00e3o e Justi\u00e7a (CCJ) do Senado aprovou projeto que autoriza diversos \u00f3rg\u00e3os a divulgarem pela<i> internet<\/i> os gastos p\u00fablicos feitos por seus agentes no exerc\u00edcio da fun\u00e7\u00e3o. Pela proposta, as mesas diretoras da C\u00e2mara e do Senado, o presidente da Rep\u00fablica, o Conselho Nacional de Justi\u00e7a e o Conselho Nacional do Minist\u00e9rio P\u00fablico divulgar\u00e3o os gastos das verbas indenizat\u00f3rias das despesas feitas no exerc\u00edcio da fun\u00e7\u00e3o.     <br \/>A proposta, do senador Expedito J\u00fanior (PR-RO), tamb\u00e9m inclui gastos com cart\u00e3o corporativo.     <br \/>\u201cO projeto tem como escopo enfrentar uma das quest\u00f5es cruciais do funcionamento do poder p\u00fablico: a falta de transpar\u00eancia dos gastos\u201d, disse o parlamentar. Hoje, lembrou ele, a divulga\u00e7\u00e3o desses gastos \u00e9 feita de maneira espor\u00e1dica.     <br \/>A CCJ tamb\u00e9m aprovou projeto que garante \u00e0s v\u00edtimas de crimes e \u00e0s testemunhas novas formas de prote\u00e7\u00e3o. Entre elas, est\u00e3o o direito de n\u00e3o depor na presen\u00e7a do acusado ou de familiares ou amigos dele e o direito de depor encapuzadas ou usando microfone com modificador de voz.     <br \/>Por serem terminativos, os dois projetos seguem agora para an\u00e1lise na C\u00e2mara dos Deputados. <\/p>\n<p>&#160;<\/p>\n<p>Priscilla Manenotti    <br \/><i>Rep\u00f3rter da Ag\u00eancia Brasil<\/i><\/p>\n","protected":false},"excerpt":{"rendered":"<p>A Comiss\u00e3o de Constitui\u00e7\u00e3o e Justi\u00e7a (CCJ) do Senado aprovou projeto que autoriza diversos \u00f3rg\u00e3os a divulgarem pela internet os gastos p\u00fablicos feitos por seus agentes no exerc\u00edcio da fun\u00e7\u00e3o. Pela proposta, as mesas diretoras da C\u00e2mara e do Senado, o presidente da Rep\u00fablica, o Conselho Nacional de Justi\u00e7a e o Conselho Nacional do Minist\u00e9rio [&hellip;]<\/p>\n","protected":false},"author":2,"featured_media":0,"comment_status":"open","ping_status":"open","sticky":false,"template":"","format":"standard","meta":{"tdm_status":"","tdm_grid_status":"","footnotes":""},"categories":[22],"tags":[],"class_list":{"0":"post-752","1":"post","2":"type-post","3":"status-publish","4":"format-standard","6":"category-brasil"},"_links":{"self":[{"href":"https:\/\/migracao.redenoticia.com.br\/noticia\/wp-json\/wp\/v2\/posts\/752","targetHints":{"allow":["GET"]}}],"collection":[{"href":"https:\/\/migracao.redenoticia.com.br\/noticia\/wp-json\/wp\/v2\/posts"}],"about":[{"href":"https:\/\/migracao.redenoticia.com.br\/noticia\/wp-json\/wp\/v2\/types\/post"}],"author":[{"embeddable":true,"href":"https:\/\/migracao.redenoticia.com.br\/noticia\/wp-json\/wp\/v2\/users\/2"}],"replies":[{"embeddable":true,"href":"https:\/\/migracao.redenoticia.com.br\/noticia\/wp-json\/wp\/v2\/comments?post=752"}],"version-history":[{"count":0,"href":"https:\/\/migracao.redenoticia.com.br\/noticia\/wp-json\/wp\/v2\/posts\/752\/revisions"}],"wp:attachment":[{"href":"https:\/\/migracao.redenoticia.com.br\/noticia\/wp-json\/wp\/v2\/media?parent=752"}],"wp:term":[{"taxonomy":"category","embeddable":true,"href":"https:\/\/migracao.redenoticia.com.br\/noticia\/wp-json\/wp\/v2\/categories?post=752"},{"taxonomy":"post_tag","embeddable":true,"href":"https:\/\/migracao.redenoticia.com.br\/noticia\/wp-json\/wp\/v2\/tags?post=752"}],"curies":[{"name":"wp","href":"https:\/\/api.w.org\/{rel}","templated":true}]}}