{"id":75332,"date":"2015-09-18T19:44:17","date_gmt":"2015-09-18T22:44:17","guid":{"rendered":"http:\/\/www.redenoticia.com.br\/noticia\/?p=75332"},"modified":"2015-09-18T19:44:17","modified_gmt":"2015-09-18T22:44:17","slug":"vestibular-2016-da-unicamp-tem-recorde-de-inscritos","status":"publish","type":"post","link":"https:\/\/migracao.redenoticia.com.br\/noticia\/2015\/vestibular-2016-da-unicamp-tem-recorde-de-inscritos\/75332","title":{"rendered":"Vestibular 2016 da Unicamp tem recorde de inscritos"},"content":{"rendered":"<p>O <em><strong>vestibular da Unicamp<\/strong><\/em> (Universidade Estadual de Campinas) recebeu recorde de inscri\u00e7\u00f5es este ano, de acordo com a Comiss\u00e3o Permanente para os Vestibulares, a Comvest. Foram 77.760 inscritos, aumento de 0,8% em rela\u00e7\u00e3o ao ano anterior.<\/p>\n<p>Na edi\u00e7\u00e3o 2016, os candidatos disputar\u00e3o 3.320 vagas distribu\u00eddas em 70 cursos de gradua\u00e7\u00e3o da Unicamp. A rela\u00e7\u00e3o de candidatos por vaga (c\/v) praticamente se manteve: de 23,2 no vestibular passado para 23,4 nesta edi\u00e7\u00e3o.<\/p>\n<p>A prova da primeira fase est\u00e1 prevista para acontecer em 22 de novembro. Os locais em que ser\u00e3o aplicados o exame ainda ser\u00e3o divulgados pela organiza\u00e7\u00e3o do vestibular.<\/p>\n<p>Carreira mais concorrida<br \/>\nAs dez carreiras mais concorridas no Vestibular Unicamp 2016 s\u00e3o: Medicina, com 220 candidatos por vaga; Arquitetura e Urbanismo (111 cand\/vaga); Comunica\u00e7\u00e3o Social-Midialogia (50 cand\/vaga); Ci\u00eancias Biol\u00f3gicas \u2013 Integral (45,4 cand\/vaga); Engenharia Civil (45 cand\/vaga); Engenharia Qu\u00edmica \u2013 Integral (37 cand\/vaga); Engenharia de Produ\u00e7\u00e3o (34 cand\/vaga); Artes C\u00eanicas (28 cand\/vaga); Ci\u00eancia da Computa\u00e7\u00e3o \u2013 Noturno (26,3 cand\/vaga); Hist\u00f3ria (26,2 cand\/vaga) e Engenharia Mec\u00e2nica \u2013 Integral (26,2 cand\/vaga).<\/p>\n<p>Inclus\u00e3o social<br \/>\nA Comvest registrou aumento do n\u00famero de candidatos oriundos de escolas da rede p\u00fablica inscritos para o Vestibular Unicamp 2016.<\/p>\n<p>O \u00edndice subiu de 26,6% no vestibular anterior para 28,1% este ano. J\u00e1 entre os candidatos autodeclarados pretos, pardos ou ind\u00edgenas (de acordo com a nomenclatura utilizada pelo IBGE), o aumento foi ainda maior, tendo passado de 12,3% no ano anterior para 19,4% do total de inscritos este ano.<\/p>\n<p>Saiba mais detalhes a respeito do Vestibular 2016 .<\/p>\n<p>Do Portal do Governo do Estado SP<\/p>\n","protected":false},"excerpt":{"rendered":"<p>O vestibular da Unicamp (Universidade Estadual de Campinas) recebeu recorde de inscri\u00e7\u00f5es este ano, de acordo com a Comiss\u00e3o Permanente para os Vestibulares, a Comvest. Foram 77.760 inscritos, aumento de 0,8% em rela\u00e7\u00e3o ao ano anterior. Na edi\u00e7\u00e3o 2016, os candidatos disputar\u00e3o 3.320 vagas distribu\u00eddas em 70 cursos de gradua\u00e7\u00e3o da Unicamp. A rela\u00e7\u00e3o de [&hellip;]<\/p>\n","protected":false},"author":2,"featured_media":36244,"comment_status":"open","ping_status":"closed","sticky":false,"template":"","format":"standard","meta":{"tdm_status":"","tdm_grid_status":"","footnotes":""},"categories":[22,370,295],"tags":[],"class_list":{"0":"post-75332","1":"post","2":"type-post","3":"status-publish","4":"format-standard","5":"has-post-thumbnail","7":"category-brasil","8":"category-inscricao","9":"category-vestibular"},"_links":{"self":[{"href":"https:\/\/migracao.redenoticia.com.br\/noticia\/wp-json\/wp\/v2\/posts\/75332","targetHints":{"allow":["GET"]}}],"collection":[{"href":"https:\/\/migracao.redenoticia.com.br\/noticia\/wp-json\/wp\/v2\/posts"}],"about":[{"href":"https:\/\/migracao.redenoticia.com.br\/noticia\/wp-json\/wp\/v2\/types\/post"}],"author":[{"embeddable":true,"href":"https:\/\/migracao.redenoticia.com.br\/noticia\/wp-json\/wp\/v2\/users\/2"}],"replies":[{"embeddable":true,"href":"https:\/\/migracao.redenoticia.com.br\/noticia\/wp-json\/wp\/v2\/comments?post=75332"}],"version-history":[{"count":0,"href":"https:\/\/migracao.redenoticia.com.br\/noticia\/wp-json\/wp\/v2\/posts\/75332\/revisions"}],"wp:featuredmedia":[{"embeddable":true,"href":"https:\/\/migracao.redenoticia.com.br\/noticia\/wp-json\/wp\/v2\/media\/36244"}],"wp:attachment":[{"href":"https:\/\/migracao.redenoticia.com.br\/noticia\/wp-json\/wp\/v2\/media?parent=75332"}],"wp:term":[{"taxonomy":"category","embeddable":true,"href":"https:\/\/migracao.redenoticia.com.br\/noticia\/wp-json\/wp\/v2\/categories?post=75332"},{"taxonomy":"post_tag","embeddable":true,"href":"https:\/\/migracao.redenoticia.com.br\/noticia\/wp-json\/wp\/v2\/tags?post=75332"}],"curies":[{"name":"wp","href":"https:\/\/api.w.org\/{rel}","templated":true}]}}