{"id":75495,"date":"2015-09-23T16:44:08","date_gmt":"2015-09-23T19:44:08","guid":{"rendered":"http:\/\/www.redenoticia.com.br\/noticia\/?p=75495"},"modified":"2015-09-23T17:28:33","modified_gmt":"2015-09-23T20:28:33","slug":"pos-graduacao-em-biossistemas-na-ufabc","status":"publish","type":"post","link":"https:\/\/migracao.redenoticia.com.br\/noticia\/2015\/pos-graduacao-em-biossistemas-na-ufabc\/75495","title":{"rendered":"P\u00f3s-Gradua\u00e7\u00e3o em Biossistemas na UFABC"},"content":{"rendered":"<p>Ag\u00eancia FAPESP \u2013 O Programa de P\u00f3s-Gradua\u00e7\u00e3o em Biossistemas da Universidade Federal do ABC (UFABC) recebe, at\u00e9 9 de outubro, inscri\u00e7\u00f5es para cursos de <em><strong>Mestrado e Doutorado<\/strong><\/em>.<\/p>\n<p>As aulas est\u00e3o previstas para come\u00e7ar em fevereiro de 2016. S\u00e3o oferecidas 12 vagas de Mestrado e seis de Doutorado.<\/p>\n<p>Os interessados devem encaminhar todos os documentos solicitados no edital para o e-mail coordenacaopgbis@gmail.com. Entre eles est\u00e1 uma Proposta de Pesquisa, com no m\u00e1ximo cinco p\u00e1ginas, contendo introdu\u00e7\u00e3o, objetivos, metodologia, refer\u00eancias bibliogr\u00e1ficas e descri\u00e7\u00e3o da infraestrutura necess\u00e1ria ao desenvolvimento do projeto.<\/p>\n<p>A sele\u00e7\u00e3o envolver\u00e1 prova de conte\u00fado geral, prova de conte\u00fado espec\u00edfico, entrevista e an\u00e1lise do curr\u00edculo Lattes.<\/p>\n<p>O edital est\u00e1 dispon\u00edvel da p\u00e1gina 14 a 21 no endere\u00e7o.<\/p>\n<p>&#8212;<\/p>\n<p>Para a inscri\u00e7\u00e3o no processo seletivo (Mestrado e de Doutorado), os candidatos devem comprovar a conclus\u00e3o de curso superior de gradua\u00e7\u00e3o reconhecido pelo MEC, ou a previs\u00e3o de sua conclus\u00e3o at\u00e9 a data da primeira matr\u00edcula no Programa, por meio de encaminhamento do documento na solicita\u00e7\u00e3o de inscri\u00e7\u00e3o.<\/p>\n","protected":false},"excerpt":{"rendered":"<p>Ag\u00eancia FAPESP \u2013 O Programa de P\u00f3s-Gradua\u00e7\u00e3o em Biossistemas da Universidade Federal do ABC (UFABC) recebe, at\u00e9 9 de outubro, inscri\u00e7\u00f5es para cursos de Mestrado e Doutorado. As aulas est\u00e3o previstas para come\u00e7ar em fevereiro de 2016. S\u00e3o oferecidas 12 vagas de Mestrado e seis de Doutorado. Os interessados devem encaminhar todos os documentos solicitados [&hellip;]<\/p>\n","protected":false},"author":2,"featured_media":36246,"comment_status":"open","ping_status":"closed","sticky":false,"template":"","format":"standard","meta":{"tdm_status":"","tdm_grid_status":"","footnotes":""},"categories":[22,351,370],"tags":[],"class_list":{"0":"post-75495","1":"post","2":"type-post","3":"status-publish","4":"format-standard","5":"has-post-thumbnail","7":"category-brasil","8":"category-cursos","9":"category-inscricao"},"_links":{"self":[{"href":"https:\/\/migracao.redenoticia.com.br\/noticia\/wp-json\/wp\/v2\/posts\/75495","targetHints":{"allow":["GET"]}}],"collection":[{"href":"https:\/\/migracao.redenoticia.com.br\/noticia\/wp-json\/wp\/v2\/posts"}],"about":[{"href":"https:\/\/migracao.redenoticia.com.br\/noticia\/wp-json\/wp\/v2\/types\/post"}],"author":[{"embeddable":true,"href":"https:\/\/migracao.redenoticia.com.br\/noticia\/wp-json\/wp\/v2\/users\/2"}],"replies":[{"embeddable":true,"href":"https:\/\/migracao.redenoticia.com.br\/noticia\/wp-json\/wp\/v2\/comments?post=75495"}],"version-history":[{"count":0,"href":"https:\/\/migracao.redenoticia.com.br\/noticia\/wp-json\/wp\/v2\/posts\/75495\/revisions"}],"wp:featuredmedia":[{"embeddable":true,"href":"https:\/\/migracao.redenoticia.com.br\/noticia\/wp-json\/wp\/v2\/media\/36246"}],"wp:attachment":[{"href":"https:\/\/migracao.redenoticia.com.br\/noticia\/wp-json\/wp\/v2\/media?parent=75495"}],"wp:term":[{"taxonomy":"category","embeddable":true,"href":"https:\/\/migracao.redenoticia.com.br\/noticia\/wp-json\/wp\/v2\/categories?post=75495"},{"taxonomy":"post_tag","embeddable":true,"href":"https:\/\/migracao.redenoticia.com.br\/noticia\/wp-json\/wp\/v2\/tags?post=75495"}],"curies":[{"name":"wp","href":"https:\/\/api.w.org\/{rel}","templated":true}]}}