{"id":75497,"date":"2015-09-23T17:04:19","date_gmt":"2015-09-23T20:04:19","guid":{"rendered":"http:\/\/www.redenoticia.com.br\/noticia\/?p=75497"},"modified":"2015-09-23T17:04:19","modified_gmt":"2015-09-23T20:04:19","slug":"primavera-tera-chuvas-atipicas","status":"publish","type":"post","link":"https:\/\/migracao.redenoticia.com.br\/noticia\/2015\/primavera-tera-chuvas-atipicas\/75497","title":{"rendered":"Primavera ter\u00e1 chuvas at\u00edpicas"},"content":{"rendered":"<p>A <strong><em>primavera<\/em><\/strong> come\u00e7ou e a esta\u00e7\u00e3o ser\u00e1 de chuvas at\u00edpicas em quase todo o pa\u00eds. Segundo o meteorologista do Instituto Nacional de Meteorologia (Inmet), Mozar Salvador, no pr\u00f3ximo trimestre, de outubro a dezembro, o Brasil estar\u00e1 praticamente dividido em duas grandes \u00e1reas: uma ter\u00e1 chuva acima da m\u00e9dia e outra, abaixo.<\/p>\n<p>As temperaturas tamb\u00e9m ser\u00e3o proporcionais \u00e0s chuvas. \u201cNas regi\u00f5es onde a probabilidade de chuva ficar abaixo da m\u00e9dia a tend\u00eancia \u00e9 que as temperaturas fiquem mais altas. E, em dias de chuva, a temperatura m\u00e1xima tende a diminuir um pouco\u201d, explica.<\/p>\n<p>O meteorologista diz que o fen\u00f4meno do El Ni\u00f1o j\u00e1 est\u00e1 em curso h\u00e1 alguns meses e que seus efeitos s\u00e3o notadamente registrados em todo o pa\u00eds, com chuvas acima da m\u00e9dia no Sul e Norte e seca no Nordeste. A pr\u00f3xima esta\u00e7\u00e3o deve seguir essa tend\u00eancia.<\/p>\n<p>Na Regi\u00e3o Sul e na parte sul das regi\u00f5es Sudeste e Centro-Oeste, como \u00e1reas dos estados de S\u00e3o Paulo e Mato Grosso do Sul, a probabilidade \u00e9 que as chuvas fiquem acima da m\u00e9dia. \u201cEstamos vendo que, desde o in\u00edcio de setembro, esse perfil tem seguido o padr\u00e3o previsto, com muitas chuvas no Sul e chuvas regulares em \u00e1reas do Sudeste\u201d, acrescenta.<\/p>\n<p>J\u00e1 nas regi\u00f5es Norte e Nordeste e a parte norte do Sudeste e Centro-Oeste, como o estado de Goi\u00e1s, o Distrito Federal e o norte de Minas Gerais, a probabilidade \u00e9 que as chuvas fiquem abaixo da m\u00e9dia.<\/p>\n<p>Mozar Salvador pondera que essa previs\u00e3o do Inmet [] \u00e9 trimestral e que o volume de chuvas pode variar entre os tr\u00eas meses, com mais chuvas em um m\u00eas e menos em outro. De acordo com ele, n\u00e3o \u00e9 poss\u00edvel tamb\u00e9m afirmar que o volume de chuvas ser\u00e1 regular em todos os locais. Para o meteorologista, apesar de o estado de S\u00e3o Paulo ter a chance de chuvas regulares ou acima da m\u00e9dia, pode n\u00e3o chover, por exemplo, nas regi\u00f5es de capta\u00e7\u00e3o das bacias com deficit de recursos h\u00eddricos.<\/p>\n<p>Esta\u00e7\u00f5es do ano<\/p>\n<p>Segundo o Observat\u00f3rio Nacional, o in\u00edcio da primavera \u00e9 quando ocorre o segundo equin\u00f3cio do ano: quando o dia e a noite t\u00eam a mesma dura\u00e7\u00e3o. O primeiro equin\u00f3cio ocorreu no in\u00edcio do outono, em 20 de mar\u00e7o.<\/p>\n<p>As esta\u00e7\u00f5es do ano s\u00e3o decorrentes da inclina\u00e7\u00e3o do eixo da Terra em rela\u00e7\u00e3o ao Sol. Em setembro, o Sol chega \u00e0 linha do Equador, indo de Norte para Sul \u2013 o que marca o equin\u00f3cio de primavera no Hemisf\u00e9rio Sul e de outono no Hemisf\u00e9rio Norte.<\/p>\n<p>A partir da\u00ed, segundo o Observat\u00f3rio, os dias ficar\u00e3o cada vez longos e as noites cada vez mais curtas, at\u00e9 a entrada do ver\u00e3o, no dia 22 de dezembro, quando ocorre o solst\u00edcio de ver\u00e3o, com o maior dia e a menor noite do ano. Os dias, ent\u00e3o, v\u00e3o ficando cada vez menores at\u00e9 que no equin\u00f3cio do outono novamente o dia e a noite t\u00eam a mesma dura\u00e7\u00e3o. Depois, os dias continuam ficando mais curtas e as noites mais longas at\u00e9 que, no solst\u00edcio de inverno, \u00e9 registrado o menor dia e a maior noite do ano.<\/p>\n<p>Andreia Verd\u00e9lio &#8211; Rep\u00f3rter da Ag\u00eancia Brasil<br \/>\nEdi\u00e7\u00e3o: Talita Cavalcante<\/p>\n","protected":false},"excerpt":{"rendered":"<p>A primavera come\u00e7ou e a esta\u00e7\u00e3o ser\u00e1 de chuvas at\u00edpicas em quase todo o pa\u00eds. Segundo o meteorologista do Instituto Nacional de Meteorologia (Inmet), Mozar Salvador, no pr\u00f3ximo trimestre, de outubro a dezembro, o Brasil estar\u00e1 praticamente dividido em duas grandes \u00e1reas: uma ter\u00e1 chuva acima da m\u00e9dia e outra, abaixo. As temperaturas tamb\u00e9m ser\u00e3o [&hellip;]<\/p>\n","protected":false},"author":2,"featured_media":26302,"comment_status":"open","ping_status":"closed","sticky":false,"template":"","format":"standard","meta":{"tdm_status":"","tdm_grid_status":"","footnotes":""},"categories":[22],"tags":[],"class_list":{"0":"post-75497","1":"post","2":"type-post","3":"status-publish","4":"format-standard","5":"has-post-thumbnail","7":"category-brasil"},"_links":{"self":[{"href":"https:\/\/migracao.redenoticia.com.br\/noticia\/wp-json\/wp\/v2\/posts\/75497","targetHints":{"allow":["GET"]}}],"collection":[{"href":"https:\/\/migracao.redenoticia.com.br\/noticia\/wp-json\/wp\/v2\/posts"}],"about":[{"href":"https:\/\/migracao.redenoticia.com.br\/noticia\/wp-json\/wp\/v2\/types\/post"}],"author":[{"embeddable":true,"href":"https:\/\/migracao.redenoticia.com.br\/noticia\/wp-json\/wp\/v2\/users\/2"}],"replies":[{"embeddable":true,"href":"https:\/\/migracao.redenoticia.com.br\/noticia\/wp-json\/wp\/v2\/comments?post=75497"}],"version-history":[{"count":0,"href":"https:\/\/migracao.redenoticia.com.br\/noticia\/wp-json\/wp\/v2\/posts\/75497\/revisions"}],"wp:featuredmedia":[{"embeddable":true,"href":"https:\/\/migracao.redenoticia.com.br\/noticia\/wp-json\/wp\/v2\/media\/26302"}],"wp:attachment":[{"href":"https:\/\/migracao.redenoticia.com.br\/noticia\/wp-json\/wp\/v2\/media?parent=75497"}],"wp:term":[{"taxonomy":"category","embeddable":true,"href":"https:\/\/migracao.redenoticia.com.br\/noticia\/wp-json\/wp\/v2\/categories?post=75497"},{"taxonomy":"post_tag","embeddable":true,"href":"https:\/\/migracao.redenoticia.com.br\/noticia\/wp-json\/wp\/v2\/tags?post=75497"}],"curies":[{"name":"wp","href":"https:\/\/api.w.org\/{rel}","templated":true}]}}