{"id":75499,"date":"2015-09-23T17:07:03","date_gmt":"2015-09-23T20:07:03","guid":{"rendered":"http:\/\/www.redenoticia.com.br\/noticia\/?p=75499"},"modified":"2015-09-23T17:07:03","modified_gmt":"2015-09-23T20:07:03","slug":"governo-preve-queda-de-244-no-pib-e-inflacao-de-929-em-2015","status":"publish","type":"post","link":"https:\/\/migracao.redenoticia.com.br\/noticia\/2015\/governo-preve-queda-de-244-no-pib-e-inflacao-de-929-em-2015\/75499","title":{"rendered":"Governo prev\u00ea queda de 2,44% no PIB e infla\u00e7\u00e3o de 9,29% em 2015"},"content":{"rendered":"<p>O governo federal prev\u00ea, para este ano, uma queda maior do PIB (Produto Interno Bruto, soma dos bens e riquezas produzidos em um pa\u00eds) do que anteriormente. Em lugar da retra\u00e7\u00e3o de 1,49%, a equipe econ\u00f4mica trabalha com uma poss\u00edvel contra\u00e7\u00e3o de 2,44%. A previs\u00e3o de <em><strong>infla\u00e7\u00e3o<\/strong><\/em> para 2015 tamb\u00e9m foi alterada de 9% para 9,29%.<\/p>\n<p>As mudan\u00e7as est\u00e3o no Relat\u00f3rio de Avalia\u00e7\u00e3o de Receitas e Despesas do quarto bimestre, divulgado pelo Minist\u00e9rio do Planejamento, Or\u00e7amento e Gest\u00e3o. O relat\u00f3rio, publicado a cada dois meses, traz atualiza\u00e7\u00e3o das previs\u00f5es de arrecada\u00e7\u00e3o, gastos e metas do governo, al\u00e9m de revis\u00e3o das proje\u00e7\u00f5es para os principais indicadores econ\u00f4micos.<\/p>\n<p>O documento \u00e9 encaminhado ao Congresso Nacional e passa a servir de base para o acompanhamento da execu\u00e7\u00e3o do Or\u00e7amento.<\/p>\n<p>As proje\u00e7\u00f5es do mercado financeiro para os indicadores econ\u00f4micos em 2015 s\u00e3o mais pessimistas que as do governo. Analistas e investidores preveem queda de 2,7% do PIB e infla\u00e7\u00e3o em 9,34% ao fim deste ano. As previs\u00f5es est\u00e3o no mais recente boletim Focus, pesquisa semanal do Banco Central junto a institui\u00e7\u00f5es financeiras do pa\u00eds.<\/p>\n<p>Mariana Branco &#8211; Rep\u00f3rter da Ag\u00eancia Brasil<br \/>\nEdi\u00e7\u00e3o: Armando Cardoso<\/p>\n","protected":false},"excerpt":{"rendered":"<p>O governo federal prev\u00ea, para este ano, uma queda maior do PIB (Produto Interno Bruto, soma dos bens e riquezas produzidos em um pa\u00eds) do que anteriormente. Em lugar da retra\u00e7\u00e3o de 1,49%, a equipe econ\u00f4mica trabalha com uma poss\u00edvel contra\u00e7\u00e3o de 2,44%. A previs\u00e3o de infla\u00e7\u00e3o para 2015 tamb\u00e9m foi alterada de 9% para [&hellip;]<\/p>\n","protected":false},"author":2,"featured_media":57584,"comment_status":"open","ping_status":"closed","sticky":false,"template":"","format":"standard","meta":{"tdm_status":"","tdm_grid_status":"","footnotes":""},"categories":[22,7],"tags":[],"class_list":{"0":"post-75499","1":"post","2":"type-post","3":"status-publish","4":"format-standard","5":"has-post-thumbnail","7":"category-brasil","8":"category-economia"},"_links":{"self":[{"href":"https:\/\/migracao.redenoticia.com.br\/noticia\/wp-json\/wp\/v2\/posts\/75499","targetHints":{"allow":["GET"]}}],"collection":[{"href":"https:\/\/migracao.redenoticia.com.br\/noticia\/wp-json\/wp\/v2\/posts"}],"about":[{"href":"https:\/\/migracao.redenoticia.com.br\/noticia\/wp-json\/wp\/v2\/types\/post"}],"author":[{"embeddable":true,"href":"https:\/\/migracao.redenoticia.com.br\/noticia\/wp-json\/wp\/v2\/users\/2"}],"replies":[{"embeddable":true,"href":"https:\/\/migracao.redenoticia.com.br\/noticia\/wp-json\/wp\/v2\/comments?post=75499"}],"version-history":[{"count":0,"href":"https:\/\/migracao.redenoticia.com.br\/noticia\/wp-json\/wp\/v2\/posts\/75499\/revisions"}],"wp:featuredmedia":[{"embeddable":true,"href":"https:\/\/migracao.redenoticia.com.br\/noticia\/wp-json\/wp\/v2\/media\/57584"}],"wp:attachment":[{"href":"https:\/\/migracao.redenoticia.com.br\/noticia\/wp-json\/wp\/v2\/media?parent=75499"}],"wp:term":[{"taxonomy":"category","embeddable":true,"href":"https:\/\/migracao.redenoticia.com.br\/noticia\/wp-json\/wp\/v2\/categories?post=75499"},{"taxonomy":"post_tag","embeddable":true,"href":"https:\/\/migracao.redenoticia.com.br\/noticia\/wp-json\/wp\/v2\/tags?post=75499"}],"curies":[{"name":"wp","href":"https:\/\/api.w.org\/{rel}","templated":true}]}}