{"id":75503,"date":"2015-09-23T17:17:32","date_gmt":"2015-09-23T20:17:32","guid":{"rendered":"http:\/\/www.redenoticia.com.br\/noticia\/?p=75503"},"modified":"2015-09-23T17:17:32","modified_gmt":"2015-09-23T20:17:32","slug":"mantido-veto-a-projetos-do-fator-previdenciario-e-de-isencao-do-piscofins","status":"publish","type":"post","link":"https:\/\/migracao.redenoticia.com.br\/noticia\/2015\/mantido-veto-a-projetos-do-fator-previdenciario-e-de-isencao-do-piscofins\/75503","title":{"rendered":"Mantido veto a projetos do fator previdenci\u00e1rio e de isen\u00e7\u00e3o do PIS\/Cofins"},"content":{"rendered":"<p>Deputados e senadores mantiveram os vetos a projetos que trata do fim do <strong><em>fator previdenci\u00e1rio<\/em><\/strong> e ao que acaba com a isen\u00e7\u00e3o do PIS\/Cofins para o \u00f3leo diesel. Foram mantidos tamb\u00e9m outros 22 vetos. Eles constam da pauta de 32 vetos da presidenta Dilma Rousseff a diversos projetos de lei. Nenhum dos itens alcan\u00e7ou o m\u00ednimo de 257 votos na C\u00e2mara dos Deputados para voltar a valer como lei.<\/p>\n<p>O primeiro projeto que teve o veto mantido, mudava o fator previdenci\u00e1rio estabelecendo a regra 85\/95 para a aposentadoria. Caso o veto fosse derrubado, o governo estimava um gasto adicional com a Previd\u00eancia de R$ 135 bilh\u00f5es at\u00e9 2035. Em seu lugar foi editada a Medida Provis\u00f3ria 676\/15 que prop\u00f5e uma regra de transi\u00e7\u00e3o com a primeira mudan\u00e7a programada para 2017.<\/p>\n<p>A manuten\u00e7\u00e3o do veto ao projeto que concedia isen\u00e7\u00e3o ao \u00f3leo diesel da Contribui\u00e7\u00e3o para o Programa de Integra\u00e7\u00e3o Social (PIS) e da Contribui\u00e7\u00e3o para o Financiamento da Seguridade Social (Cofins), evitou uma perda, pelos c\u00e1lculos do governo, de R$ 3 bilh\u00f5es, somente este ano.<\/p>\n<p>A sess\u00e3o do Congresso que teve in\u00edcio por volta das 21h de ontem (22) continua pela madrugada desta quarta-feira. Os vetos mantidos n\u00e3o foram destacados pelos parlamentares para vota\u00e7\u00e3o em separado. Ainda faltam votar pontos pol\u00eamicos como o que trata do reajuste dos servidores do Judici\u00e1rio e o que estende a pol\u00edtica de reajuste do sal\u00e1rio m\u00ednimo a aposentados e pensionistas.<\/p>\n<p>Outros vetos mantidos tratam do projeto sobre fus\u00e3o de partidos pol\u00edticos, da Lei Geral de Antenas e de pontos do novo C\u00f3digo de processo Civil.<\/p>\n<p>Wellton M\u00e1ximo \u2013 Rep\u00f3rter da Ag\u00eancia Brasil<br \/>\nEdi\u00e7\u00e3o: A\u00e9cio Amado<\/p>\n","protected":false},"excerpt":{"rendered":"<p>Deputados e senadores mantiveram os vetos a projetos que trata do fim do fator previdenci\u00e1rio e ao que acaba com a isen\u00e7\u00e3o do PIS\/Cofins para o \u00f3leo diesel. Foram mantidos tamb\u00e9m outros 22 vetos. Eles constam da pauta de 32 vetos da presidenta Dilma Rousseff a diversos projetos de lei. Nenhum dos itens alcan\u00e7ou o [&hellip;]<\/p>\n","protected":false},"author":2,"featured_media":24050,"comment_status":"open","ping_status":"closed","sticky":false,"template":"","format":"standard","meta":{"tdm_status":"","tdm_grid_status":"","footnotes":""},"categories":[22,7],"tags":[],"class_list":{"0":"post-75503","1":"post","2":"type-post","3":"status-publish","4":"format-standard","5":"has-post-thumbnail","7":"category-brasil","8":"category-economia"},"_links":{"self":[{"href":"https:\/\/migracao.redenoticia.com.br\/noticia\/wp-json\/wp\/v2\/posts\/75503","targetHints":{"allow":["GET"]}}],"collection":[{"href":"https:\/\/migracao.redenoticia.com.br\/noticia\/wp-json\/wp\/v2\/posts"}],"about":[{"href":"https:\/\/migracao.redenoticia.com.br\/noticia\/wp-json\/wp\/v2\/types\/post"}],"author":[{"embeddable":true,"href":"https:\/\/migracao.redenoticia.com.br\/noticia\/wp-json\/wp\/v2\/users\/2"}],"replies":[{"embeddable":true,"href":"https:\/\/migracao.redenoticia.com.br\/noticia\/wp-json\/wp\/v2\/comments?post=75503"}],"version-history":[{"count":0,"href":"https:\/\/migracao.redenoticia.com.br\/noticia\/wp-json\/wp\/v2\/posts\/75503\/revisions"}],"wp:featuredmedia":[{"embeddable":true,"href":"https:\/\/migracao.redenoticia.com.br\/noticia\/wp-json\/wp\/v2\/media\/24050"}],"wp:attachment":[{"href":"https:\/\/migracao.redenoticia.com.br\/noticia\/wp-json\/wp\/v2\/media?parent=75503"}],"wp:term":[{"taxonomy":"category","embeddable":true,"href":"https:\/\/migracao.redenoticia.com.br\/noticia\/wp-json\/wp\/v2\/categories?post=75503"},{"taxonomy":"post_tag","embeddable":true,"href":"https:\/\/migracao.redenoticia.com.br\/noticia\/wp-json\/wp\/v2\/tags?post=75503"}],"curies":[{"name":"wp","href":"https:\/\/api.w.org\/{rel}","templated":true}]}}