{"id":75505,"date":"2015-09-23T17:20:12","date_gmt":"2015-09-23T20:20:12","guid":{"rendered":"http:\/\/www.redenoticia.com.br\/noticia\/?p=75505"},"modified":"2015-09-23T17:20:12","modified_gmt":"2015-09-23T20:20:12","slug":"pec-da-nova-cpmf-de-020-comeca-a-tramitar-na-camara-dos-deputados","status":"publish","type":"post","link":"https:\/\/migracao.redenoticia.com.br\/noticia\/2015\/pec-da-nova-cpmf-de-020-comeca-a-tramitar-na-camara-dos-deputados\/75505","title":{"rendered":"PEC da nova CPMF de 0,20 % come\u00e7a a tramitar na C\u00e2mara dos Deputados"},"content":{"rendered":"<p> A proposta de emenda \u00e0 Constitui\u00e7\u00e3o (PEC) 140\/2015, de autoria do Poder Executivo, alterando dispositivo da Constitui\u00e7\u00e3o para recriar a cobran\u00e7a de Contribui\u00e7\u00e3o Provis\u00f3ria sobre Movimenta\u00e7\u00e3o Financeira (<strong><em>CPMF<\/em><\/strong>), com al\u00edquota de 0,20 %, chegou na C\u00e2mara dos Deputados, onde come\u00e7ou a tramitar e recebeu o n\u00famero 140.<\/p>\n<p>A PEC estabelece que a cobran\u00e7a da al\u00edquota de 0,20 % dever\u00e1 ser feita at\u00e9 31 de dezembro de 2019. Pelo texto, o produto da arrecada\u00e7\u00e3o da contribui\u00e7\u00e3o ser\u00e1 destinado ao custeio da previd\u00eancia social, no \u00e2mbito da Uni\u00e3o, e n\u00e3o integrar\u00e1 a base de c\u00e1lculo da Receita Corrente L\u00edquida.<\/p>\n<p>De acordo com o texto da proposta, a emenda entrar\u00e1 em vigor no primeiro dia do quarto m\u00eas subsequente ao ato de sua publica\u00e7\u00e3o, ou seja, quatro meses ap\u00f3s sua promulga\u00e7\u00e3o.<\/p>\n<p>Para ser promulgada e entrar em vigor, a PEC ter\u00e1 de percorrer um longo caminho na C\u00e2mara e no Senado. A proposta ter\u00e1 de ser aprovada em dois turnos de vota\u00e7\u00e3o em ambas as casas legislativas, com aprova\u00e7\u00e3o de tr\u00eas quintos dos congressistas. A tramita\u00e7\u00e3o come\u00e7a pela C\u00e2mara. Protocolada, ela ser\u00e1 encaminhada \u00e0 Comiss\u00e3o de Constitui\u00e7\u00e3o e de Justi\u00e7a (CCJ) para an\u00e1lise de constitucionalidade e juridicidade. Caber\u00e1 \u00e0 CCJ a aprova\u00e7\u00e3o da admissibilidade da PEC.<\/p>\n<p>Aprovada pela CCJ, caber\u00e1 ao presidente da C\u00e2mara, deputado Eduardo Cunha (PMDB-RJ), criar comiss\u00e3o especial para apreciar o m\u00e9rito da PEC. A comiss\u00e3o ter\u00e1 at\u00e9 40 sess\u00f5es deliberativas para apreciar o m\u00e9rito da mat\u00e9ria e aprovar um parecer sobre a proposta.<\/p>\n<p>Os integrantes da comiss\u00e3o poder\u00e3o alterar o texto original da proposta. Caso o processo se arraste na comiss\u00e3o, o presidente da C\u00e2mara poder\u00e1 avocar a proposta para ser apreciada diretamente no plen\u00e1rio da Casa.<\/p>\n<p>Para ser aprovada na C\u00e2mara, a PEC precisar\u00e1 dos votos favor\u00e1veis de, no m\u00ednimo, 308 deputados em dois turnos de vota\u00e7\u00f5es. Aprovada pelos deputados, a PEC ser\u00e1 encaminhada \u00e0 aprecia\u00e7\u00e3o do Senado, onde a PEC s\u00f3 \u00e9 analisada pela Comiss\u00e3o de Constitui\u00e7\u00e3o e Justi\u00e7a antes de ser levada \u00e0 vota\u00e7\u00e3o, em dois turnos, no plen\u00e1rio.<\/p>\n<p>Para ser aprovada no Senado, a proposta precisa dos votos favor\u00e1veis de pelo menos 49 dos 81 senadores.<\/p>\n<p>Se a PEC for alterada nas vota\u00e7\u00f5es do Senado, ter\u00e1 de retornar \u00e0 C\u00e2mara para nova aprecia\u00e7\u00e3o dos deputados.<\/p>\n<p>Com a PEC que cria a CPMF, o governo encaminhou \u00e0 C\u00e2mara outra proposta de emenda \u00e0 Constitui\u00e7\u00e3o extinguindo o abono de perman\u00eancia, ao revogar dispositivos da Emenda Constitucional n\u00ba 41, de 2003. A tramita\u00e7\u00e3o dessa PEC seguir\u00e1 os mesmos tr\u00e2mites da que recria a CPMF e de outras em tramita\u00e7\u00e3o na C\u00e2mara.<\/p>\n<p>Iolando Louren\u00e7o &#8211; Rep\u00f3rter da Ag\u00eancia Brasil<br \/>\nEdi\u00e7\u00e3o: Armando Cardoso<\/p>\n","protected":false},"excerpt":{"rendered":"<p>A proposta de emenda \u00e0 Constitui\u00e7\u00e3o (PEC) 140\/2015, de autoria do Poder Executivo, alterando dispositivo da Constitui\u00e7\u00e3o para recriar a cobran\u00e7a de Contribui\u00e7\u00e3o Provis\u00f3ria sobre Movimenta\u00e7\u00e3o Financeira (CPMF), com al\u00edquota de 0,20 %, chegou na C\u00e2mara dos Deputados, onde come\u00e7ou a tramitar e recebeu o n\u00famero 140. A PEC estabelece que a cobran\u00e7a da al\u00edquota [&hellip;]<\/p>\n","protected":false},"author":2,"featured_media":38938,"comment_status":"open","ping_status":"closed","sticky":false,"template":"","format":"standard","meta":{"tdm_status":"","tdm_grid_status":"","footnotes":""},"categories":[22,7],"tags":[],"class_list":{"0":"post-75505","1":"post","2":"type-post","3":"status-publish","4":"format-standard","5":"has-post-thumbnail","7":"category-brasil","8":"category-economia"},"_links":{"self":[{"href":"https:\/\/migracao.redenoticia.com.br\/noticia\/wp-json\/wp\/v2\/posts\/75505","targetHints":{"allow":["GET"]}}],"collection":[{"href":"https:\/\/migracao.redenoticia.com.br\/noticia\/wp-json\/wp\/v2\/posts"}],"about":[{"href":"https:\/\/migracao.redenoticia.com.br\/noticia\/wp-json\/wp\/v2\/types\/post"}],"author":[{"embeddable":true,"href":"https:\/\/migracao.redenoticia.com.br\/noticia\/wp-json\/wp\/v2\/users\/2"}],"replies":[{"embeddable":true,"href":"https:\/\/migracao.redenoticia.com.br\/noticia\/wp-json\/wp\/v2\/comments?post=75505"}],"version-history":[{"count":0,"href":"https:\/\/migracao.redenoticia.com.br\/noticia\/wp-json\/wp\/v2\/posts\/75505\/revisions"}],"wp:featuredmedia":[{"embeddable":true,"href":"https:\/\/migracao.redenoticia.com.br\/noticia\/wp-json\/wp\/v2\/media\/38938"}],"wp:attachment":[{"href":"https:\/\/migracao.redenoticia.com.br\/noticia\/wp-json\/wp\/v2\/media?parent=75505"}],"wp:term":[{"taxonomy":"category","embeddable":true,"href":"https:\/\/migracao.redenoticia.com.br\/noticia\/wp-json\/wp\/v2\/categories?post=75505"},{"taxonomy":"post_tag","embeddable":true,"href":"https:\/\/migracao.redenoticia.com.br\/noticia\/wp-json\/wp\/v2\/tags?post=75505"}],"curies":[{"name":"wp","href":"https:\/\/api.w.org\/{rel}","templated":true}]}}