{"id":75752,"date":"2015-11-29T23:46:01","date_gmt":"2015-11-30T01:46:01","guid":{"rendered":"http:\/\/www.redenoticia.com.br\/noticia\/?p=75752"},"modified":"2015-11-29T23:52:43","modified_gmt":"2015-11-30T01:52:43","slug":"a-fazenda-votacao-da-roca-em-2909","status":"publish","type":"post","link":"https:\/\/migracao.redenoticia.com.br\/noticia\/2015\/a-fazenda-votacao-da-roca-em-2909\/75752","title":{"rendered":"&#8220;A Fazenda&#8221;: Marcelo e Rayanne foram indicados para a ro\u00e7a"},"content":{"rendered":"<p><a href=\"https:\/\/migracao.redenoticia.com.br\/noticia\/imagens\/record_a_fazenda_enquete_eliminacao.jpg\"><img loading=\"lazy\" decoding=\"async\" class=\"alignleft size-medium wp-image-59667\" src=\"https:\/\/migracao.redenoticia.com.br\/noticia\/imagens\/record_a_fazenda_enquete_eliminacao-187x187.jpg\" alt=\"record_a_fazenda_enquete_eliminacao\" width=\"187\" height=\"187\" srcset=\"https:\/\/migracao.redenoticia.com.br\/noticia\/imagens\/record_a_fazenda_enquete_eliminacao-187x187.jpg 187w, https:\/\/migracao.redenoticia.com.br\/noticia\/imagens\/record_a_fazenda_enquete_eliminacao.jpg 300w, https:\/\/migracao.redenoticia.com.br\/noticia\/imagens\/record_a_fazenda_enquete_eliminacao-150x150.jpg 150w, https:\/\/migracao.redenoticia.com.br\/noticia\/imagens\/record_a_fazenda_enquete_eliminacao-110x110.jpg 110w, https:\/\/migracao.redenoticia.com.br\/noticia\/imagens\/record_a_fazenda_enquete_eliminacao-50x50.jpg 50w\" sizes=\"auto, (max-width: 187px) 100vw, 187px\" \/><\/a><strong><em>\u201cA Fazenda\u201d forma\u00e7\u00e3o da ro\u00e7a:<\/em><\/strong> a d\u00e9cima ro\u00e7a desta edi\u00e7\u00e3o come\u00e7ou na noite do domingo, 29\/11, quando o apresentador Roberto Justus chamou os concorrentes para a \u00e1rea de vota\u00e7\u00e3o. Rayanne abriu a arca e pegou o primeiro envelope. Ela ganhou imunidade na indica\u00e7\u00e3o da Fazendeira. Logo depois, a Fazendeira Ana Paula indicou Marcelo para a ro\u00e7a. Rayanne abriu a arca e pegou o segundo envelope. Ela informou que os moradores da baia tamb\u00e9m podem receber votos dos concorrentes da casa. Os pe\u00f5es apresentaram seus votos.<\/p>\n<p>Jo\u00e3o Paulo Mantovani votou na Rayanne;<br \/>\nMarcelo Bimbi votou na Rayanne;<br \/>\nLuka votou na Rayanne;<br \/>\nAna Paula (Fazendeira);<br \/>\nDouglas votou no JP;<br \/>\nRayanne votou no JP. <\/p>\n<p>Marcelo e Rayanne\u00a0foram para a ro\u00e7a e disputam a prefer\u00eancia do p\u00fablico para continuarem em &#8220;A Fazenda&#8221;.<\/p>\n<p>Not\u00edcia relacionada: <a href=\"https:\/\/migracao.redenoticia.com.br\/noticia\/2015\/a-fazenda-votacao-movimenta-as-enquetes\/75797\">&#8220;A Fazenda&#8221;: vota\u00e7\u00e3o em Marcelo e Rayanne movimenta as enquetes<\/a><\/p>\n<p>Rede Record &#8220;A Fazenda&#8221;<br \/>\n&#8212;<br \/>\nA nona ro\u00e7a desta edi\u00e7\u00e3o come\u00e7ou na noite de ter\u00e7a-feira, 24\/11, quando o apresentador Roberto Justus chamou os concorrentes para a \u00e1rea de vota\u00e7\u00e3o. Luka abriu a arca e pegou quatro envelopes. Ele leu os envelopes e manteve segredo. Ele escolheu ficar com o envelope 1. Depois entregou o envelope 2 para Rayanne, o envelope 3 para Ana Paula e o envelope 4 para a Mara. Luka leu o seu envelope e revelou que est\u00e1 imune at\u00e9 o final do programa. A Fazendeira Rayanne indicou Ana Paula para a ro\u00e7a. Rayanne abriu o seu envelope e descobriu que ganhou uma carta da fam\u00edlia. Os pe\u00f5es apresentaram seus votos nos concorrentes da sede. Rayanne teve que desempatar e mandou Mara ocupar o segundo banco da ro\u00e7a. Ana Paula abriu o seu envelope e descobriu que ganhou R$ 30.000,00. Mara teve que indicar um competidor da Baia para o \u00faltimo lugar na ro\u00e7a. Mara escolheu o Marcelo. Mara abriu o seu envelope e ganhou o direito de excluir um concorrente da pr\u00f3xima prova do Fazendeiro. Ela excluiu o Marcelo. Ana Paula e Mara disputaram a prova do Fazendeiro na quarta-feira, 25\/11. Ana Paula venceu a disputa. Mara foi eliminada na quinta-feira, 26\/11.  <\/p>\n<p>&#8212;<br \/>\nA oitava ro\u00e7a desta edi\u00e7\u00e3o come\u00e7ou na noite de ter\u00e7a-feira, 17\/11, quando o apresentador Roberto Justus chamou os concorrentes para a \u00e1rea de vota\u00e7\u00e3o. O Fazendeiro Douglas indicou Mara para a ro\u00e7a. JP abriu o primeiro envelope da arca e ganhou o poder de escolher um pe\u00e3o para ter o voto duplicado. JP escolheu Marcelo. Os pe\u00f5es apresentaram seus votos nos concorrentes da sede. Rayanne recebeu a maioria dos votos dos pe\u00f5es e ocupou o segundo banco da ro\u00e7a. Ela teve que indicar um competidor da Baia para o \u00faltimo lugar na ro\u00e7a. Rayanne escolheu o Luka. JP abriu o envelope vermelho da arca e ganhou um passeio panor\u00e2mico de helic\u00f3ptero com acompanhante. Ele escolheu Marcelo. JP abriu envelope 2 e ganhou o poder de trocar um pe\u00e3o da ro\u00e7a. Ele trocou Luka pela Carla. Carla, Mara e Rayanne disputaram a prova do Fazendeiro na quarta-feira, 18\/11. Carla, Mara e Rayanne disputaram a prova do Fazendeiro na quarta-feira, 18\/11. Rayanne venceu a disputa. Carla foi eliminada na quinta-feira, 19\/11. <\/p>\n<p>&#8212;<br \/>\nA s\u00e9tima ro\u00e7a desta edi\u00e7\u00e3o come\u00e7ou na noite de ter\u00e7a-feira, 10\/11, quando o apresentador Roberto Justus chamou os concorrentes para a \u00e1rea de vota\u00e7\u00e3o. Ana Paula abriu o primeiro envelope da arca, optou pela imunidade e perdeu o direito ao voto. O Fazendeiro JP indicou Douglas para a ro\u00e7a. Os pe\u00f5es apresentaram seus votos nos concorrentes da sede. Carla recebeu a maioria dos votos dos pe\u00f5es e ocupou o segundo banco da ro\u00e7a. Ana Paula abriu o segundo envelope da arca e teve que mandar Quelynah para ocupar o terceiro banco da ro\u00e7a. Douglas, Carla e Quelynah disputaram a prova do Fazendeiro na quarta-feira, 11\/11. Quelynah foi eliminada na quinta-feira, 12\/11. <\/p>\n<p>&#8212;<br \/>\nA sexta ro\u00e7a desta edi\u00e7\u00e3o come\u00e7ou na noite de ter\u00e7a-feira, 03\/11, quando o apresentador Roberto Justus chamou os concorrentes para a \u00e1rea de vota\u00e7\u00e3o. Rayanne abriu o primeiro envelope da arca e ganhou uma imunidade. Ela deu a imunidade para a Mara. O Fazendeiro Douglas indicou JP para a ro\u00e7a. Como consequencia, Li ocupou o segundo lugar da ro\u00e7a por estar confinada na baia, com JP (indicado pelo Fazendeiro) e Mara (imunizada pela Rayanne). Rayanne abriu o segundo envelope da arca e descobriu que seu voto vale em dobro. Os pe\u00f5es apresentaram seus votos nos concorrentes da sede. Marcelo recebeu a maioria dos votos dos pe\u00f5es e ocupou o terceiro banco da ro\u00e7a. JP, Li e Marcelo disputaram a prova do Fazendeiro na quarta-feira, 04\/11. Li foi eliminada na quinta-feira, 05\/11.<\/p>\n<p>&#8212;<br \/>\nA quinta ro\u00e7a desta edi\u00e7\u00e3o come\u00e7ou na noite de ter\u00e7a-feira, 27\/10, quando o apresentador Roberto Justus chamou os concorrentes para a \u00e1rea de vota\u00e7\u00e3o. Marcelo abriu o primeiro envelope da arca e teve que imunizar as moradoras da Baia, Mara e Quelynah. O Fazendeiro JP indicou Douglas para a ro\u00e7a. Os pe\u00f5es apresentaram seus votos nos concorrentes da sede. Rebeca recebeu a maioria dos votos dos pe\u00f5es e ocupou o segundo banco da ro\u00e7a. Marcelo abriu o segundo envelope da arca e teve que iniciar o jogo do Resta 1. Marcelo ficou imune e salvou a Li, que salvou o Luka, que salvou Ana Paula, que salvou Rayanne. Carla ocupou o terceiro banco da ro\u00e7a. Douglas, Rebeca e Carla disputaram a prova do Fazendeiro nesta quarta-feira, 28\/10. Douglas venceu e conquistou o cargo de Fazendeiro. Rebeca foi eliminada na quinta-feira, 29\/10.<\/p>\n<p>&#8212;<br \/>\nA quarta ro\u00e7a desta edi\u00e7\u00e3o come\u00e7ou na noite de ter\u00e7a-feira, 20\/10, quando o apresentador Roberto Justus chamou os concorrentes para a \u00e1rea de vota\u00e7\u00e3o. A Fazendeira Mara indicou JP para a ro\u00e7a. Os moradores da Baia Douglas, Rayanne e Carla ganharam imunidade na vota\u00e7\u00e3o aberta. Logo depois, JP retornou para a sede, abriu o primeiro envelope da arca e teve que vetar cinco pe\u00f5es. Ele escolheu Rayanne, Ana Paula, Ovelha, Luka e Douglas. Os pe\u00f5es apresentaram seus votos nos concorrentes da sede, sem saber do poder do veto de JP. Ovelha foi mais votado pelos pe\u00f5es e ocupou o segundo banco da ro\u00e7a. Ele teve que indicar um competidor da Baia para o \u00faltimo lugar na ro\u00e7a. Ovelha escolheu Carla. JP, Ovelha e Carla disputaram a prova do Fazendeiro na quarta-feira, 21\/10. JP venceu e conquistou o cargo de Fazendeiro. Carla foi eliminada na quinta-feira, 22\/10. O voto v\u00e1lido\u00a0foi\u00a0registrado no portal oficial do programa &#8220;A Fazenda&#8221; Rede Record.<br \/>\n&#8212;<\/p>\n<p>A terceira ro\u00e7a desta edi\u00e7\u00e3o come\u00e7ou na noite de ter\u00e7a-feira (13\/10). O apresentador Roberto Justus chamou os concorrentes para a \u00e1rea de vota\u00e7\u00e3o e orientou Carla a abrir o primeiro envelope da arca.\u00a0Carla teve que escolher entre dez mil reais e imunidade. Carla escolheu o dinheiro. Logo depois, o Fazendeiro Marcelo indicou Luka para a ro\u00e7a; os moradores da Baia Thiago, Ana Paula e Quelynah ganharam imunidade na vota\u00e7\u00e3o aberta; e os pe\u00f5es apresentaram seus votos nos concorrentes da sede. Veridiana foi mais votada pelos pe\u00f5es e ocupou o segundo banco da ro\u00e7a. Ela teve que indicar um competidor da Baia para o \u00faltimo lugar na ro\u00e7a. Veridiana escolheu Thiago.  Carla abriu o segundo envelope da arca e teve que trocar o \u00faltimo indicado para a ro\u00e7a, Thiago, por outro pe\u00e3o.\u00a0Carla indicou Mara. Luka, Veridiana e Mara disputaram a prova do Fazendeiro na quarta-feira, 14\/10. Veridiana foi eliminada na quinta-feira, 15\/10.<br \/>\n&#8212;<\/p>\n<p>A segunda ro\u00e7a desta edi\u00e7\u00e3o come\u00e7ou na noite de ter\u00e7a-feira (06\/10). O apresentador Roberto Justus chamou os concorrentes para a \u00e1rea de vota\u00e7\u00e3o e orientou Jo\u00e3o Paulo Mantovani, o JP, a abrir o primeiro envelope da arca.\u00a0JP teve que vetar o voto de um pe\u00e3o e imunizar dois integrantes da equipe Machado. Marcelo foi vetado por JP. Li e Quelynah ganharam a imunidade. Os moradores da Baia nesta semana, Luka, Edu e Douglas, ganharam imunidade na vota\u00e7\u00e3o aberta. Logo depois, a Fazendeira Ana Paula indicou Marcelo para a ro\u00e7a. Os pe\u00f5es apresentaram seus votos nos concorrentes da sede. Mara foi mais votada pelos pe\u00f5es e ocupou o segundo banco da ro\u00e7a. Ela teve que indicar um competidor da Baia para o \u00faltimo lugar na ro\u00e7a. Mara escolheu Edu. Edu foi eliminado na quinta-feira, 08\/10.<br \/>\n&#8212;<\/p>\n<p>A primeira ro\u00e7a desta edi\u00e7\u00e3o come\u00e7ou na noite de ter\u00e7a-feira (29\/09). O apresentador Roberto Justus chamou os concorrentes para a \u00e1rea de vota\u00e7\u00e3o e orientou Douglas a abrir o primeiro envelope da arca.\u00a0Douglas teve que imunizar dois pe\u00f5es da equipe Serrote e um da equipe Machado. Rayanne, Ovelha e Carla foram imunizados. Logo depois, o Fazendeiro Marcelo indicou Ana Paula para a ro\u00e7a. Douglas abriu o segundo envelope da arca e teve que escolher um pe\u00e3o da Baia para ter o voto duplicado. Ele escolheu Luka. Os pe\u00f5es apresentaram seus votos nos concorrentes da sede. Thiago foi o pe\u00e3o mais votado pelos pe\u00f5es e teve que indicar um competidor da Baia para a ro\u00e7a. Ele escolheu Amaral. Ana Paula, Thiago e Amaral disputaram a prova do Fazendeiro na quarta-feira, 30\/09. Ana Paula venceu a prova e se tornou fazendeira. Amaral foi eliminado na quinta-feira, 01\/10.<br \/>\n&#8212;-<\/p>\n<p>A Prova da Chave \u00e9 gravada e exibida toda a sexta-feira \u00e0 noite. As festas s\u00e3o exibidas aos s\u00e1bados. Na ter\u00e7a-feira, vota\u00e7\u00e3o entre os pe\u00f5es e as novidades da Arca. Na quarta-feira, tem a Prova do Fazendeiro e, na quinta-feira, acontece a elimina\u00e7\u00e3o.<\/p>\n<p>O reality show &#8220;A Fazenda&#8221; estreou no Brasil em 2009. No programa as pessoas famosas cuidam de animais, tiram leite de vaca e executam tarefas condizentes com uma fazenda. Dado Dolabella foi o primeiro vencedor do programa. Ap\u00f3s 85 dias de muita confus\u00e3o ele ganhou R$ 1 mi. Na edi\u00e7\u00e3o de 2014, dezesseis concorrentes buscam o pr\u00eamio de R$ 2 milh\u00f5es.<\/p>\n<p>No reality, os confinados, de personalidades bem distintas e de diferentes segmentos, encaram a dura rotina de uma fazenda, localizada em Itu, interior de S\u00e3o Paulo.<\/p>\n<p>&#8220;A Fazenda&#8221; \u00e9 a vers\u00e3o brasileira do programa The Farm, sucesso em mais de 40 pa\u00edses e que chega transformado numa superprodu\u00e7\u00e3o de mais de R$ 20 milh\u00f5es na tela da Record. O reality show mostra um lado desconhecido de 16 famosos \u2014 entre atores, cantores, modelos e personalidades da m\u00eddia \u2014 que ter\u00e3o sua habilidade (ou a absoluta falta dela) testada em tarefas t\u00edpicas do meio rural.<\/p>\n","protected":false},"excerpt":{"rendered":"<p>\u201cA Fazenda\u201d forma\u00e7\u00e3o da ro\u00e7a: a d\u00e9cima ro\u00e7a desta edi\u00e7\u00e3o come\u00e7ou na noite do domingo, 29\/11, quando o apresentador Roberto Justus chamou os concorrentes para a \u00e1rea de vota\u00e7\u00e3o. Rayanne abriu a arca e pegou o primeiro envelope. Ela ganhou imunidade na indica\u00e7\u00e3o da Fazendeira. Logo depois, a Fazendeira Ana Paula indicou Marcelo para a [&hellip;]<\/p>\n","protected":false},"author":2,"featured_media":59667,"comment_status":"open","ping_status":"closed","sticky":false,"template":"","format":"standard","meta":{"tdm_status":"","tdm_grid_status":"","footnotes":""},"categories":[406,371,343],"tags":[],"class_list":{"0":"post-75752","1":"post","2":"type-post","3":"status-publish","4":"format-standard","5":"has-post-thumbnail","7":"category-a-fazenda","8":"category-rede-record","9":"category-televisao"},"_links":{"self":[{"href":"https:\/\/migracao.redenoticia.com.br\/noticia\/wp-json\/wp\/v2\/posts\/75752","targetHints":{"allow":["GET"]}}],"collection":[{"href":"https:\/\/migracao.redenoticia.com.br\/noticia\/wp-json\/wp\/v2\/posts"}],"about":[{"href":"https:\/\/migracao.redenoticia.com.br\/noticia\/wp-json\/wp\/v2\/types\/post"}],"author":[{"embeddable":true,"href":"https:\/\/migracao.redenoticia.com.br\/noticia\/wp-json\/wp\/v2\/users\/2"}],"replies":[{"embeddable":true,"href":"https:\/\/migracao.redenoticia.com.br\/noticia\/wp-json\/wp\/v2\/comments?post=75752"}],"version-history":[{"count":0,"href":"https:\/\/migracao.redenoticia.com.br\/noticia\/wp-json\/wp\/v2\/posts\/75752\/revisions"}],"wp:featuredmedia":[{"embeddable":true,"href":"https:\/\/migracao.redenoticia.com.br\/noticia\/wp-json\/wp\/v2\/media\/59667"}],"wp:attachment":[{"href":"https:\/\/migracao.redenoticia.com.br\/noticia\/wp-json\/wp\/v2\/media?parent=75752"}],"wp:term":[{"taxonomy":"category","embeddable":true,"href":"https:\/\/migracao.redenoticia.com.br\/noticia\/wp-json\/wp\/v2\/categories?post=75752"},{"taxonomy":"post_tag","embeddable":true,"href":"https:\/\/migracao.redenoticia.com.br\/noticia\/wp-json\/wp\/v2\/tags?post=75752"}],"curies":[{"name":"wp","href":"https:\/\/api.w.org\/{rel}","templated":true}]}}