{"id":75976,"date":"2015-10-05T16:14:03","date_gmt":"2015-10-05T19:14:03","guid":{"rendered":"http:\/\/www.redenoticia.com.br\/noticia\/?p=75976"},"modified":"2015-10-05T16:14:03","modified_gmt":"2015-10-05T19:14:03","slug":"inscricoes-para-o-vestibulinho-das-etecs-comecam-em-6-de-outubro","status":"publish","type":"post","link":"https:\/\/migracao.redenoticia.com.br\/noticia\/2015\/inscricoes-para-o-vestibulinho-das-etecs-comecam-em-6-de-outubro\/75976","title":{"rendered":"Inscri\u00e7\u00f5es para o Vestibulinho das Etecs come\u00e7am em 6 de outubro"},"content":{"rendered":"<p>O <strong><em>Vestibulinho das Etecs<\/em><\/strong> abre suas inscri\u00e7\u00f5es no dia 6 de outubro para o processo seletivo das Escolas T\u00e9cnicas Estaduais. Os interessados devem se inscrever  at\u00e9 \u00e0s 15h do dia 10 de novembro.\u00a0Para isso, \u00e9 preciso imprimir o boleto banc\u00e1rio e pagar a taxa de R$ 30 em qualquer ag\u00eancia banc\u00e1ria.<\/p>\n<p>Ao todo, s\u00e3o oferecidas 6.503 vagas para o ensino m\u00e9dio, 22.211 para o ensino t\u00e9cnico integrado ao m\u00e9dio e 52.946 vagas para cursos t\u00e9cnicos em 218 Etecs e em 196 classes descentralizadas \u2013 unidades que funcionam com um ou mais cursos, sob a administra\u00e7\u00e3o de uma Etec. Deste total, 2.575 vagas s\u00e3o para o t\u00e9cnico na modalidade semipresencial.<\/p>\n<p>Tr\u00eas cursos t\u00e9cnicos \u2013 administra\u00e7\u00e3o, com\u00e9rcio e secretariado \u2013\u00a0 s\u00e3o oferecidos na modalidade on-line. A novidade \u00e9 que a Etec Julio de Mesquita, de Santo Andr\u00e9, passa a ser um polo de educa\u00e7\u00e3o a dist\u00e2ncia (EaD).\u00a0S\u00e3o mais de 26 polos no Estado de S\u00e3o Paulo.<\/p>\n<p>Outro destaque s\u00e3o os cursos de Cozinha e Log\u00edstica na modalidade EJA. Cozinha ser\u00e1 oferecido nas unidades Santa Ifig\u00eania (Capital) e Benedito Storani (Jundia\u00ed) e log\u00edstica na Etec Prof\u00aa Ermelinda Giannini Teixeira, de Santana de Parna\u00edba.<\/p>\n<p>Quem pode concorrer<br \/>\nPara concorrer a uma das vagas para o ensino m\u00e9dio e do ensino t\u00e9cnico integrado ao m\u00e9dio, o candidato deve ter conclu\u00eddo o ensino fundamental nas modalidades regular, Educa\u00e7\u00e3o de Jovens e Adultos (EJA) ou o Exame Nacional para Certifica\u00e7\u00e3o de Compet\u00eancias de Jovens e Adultos (Encceja).<\/p>\n<p>Os que pretendem fazer o ensino t\u00e9cnico precisam ter conclu\u00eddo ou estar cursando a partir do segundo ano do ensino m\u00e9dio.<\/p>\n<p>Programa Vence<br \/>\nPor meio do Programa Vence, parceria com a Secretaria de Educa\u00e7\u00e3o do Estado, o Centro Paula Souza estende o ensino t\u00e9cnico integrado ao m\u00e9dio \u00e0s escolas estaduais. As 1.606 vagas para essa modalidade ser\u00e3o oferecidas na rede estadual de duas maneiras: O aluno ter\u00e1 as aulas do ensino m\u00e9dio em uma escola estadual e as do curso t\u00e9cnico em uma Etec (modalidade interdependente), ou aulas do ensino m\u00e9dio e do curso t\u00e9cnico na mesma escola estadual.<\/p>\n<p>Especializa\u00e7\u00e3o de n\u00edvel m\u00e9dio<br \/>\n290 vagas s\u00e3o destinadas aos cinco cursos de especializa\u00e7\u00e3o t\u00e9cnica. Um deles \u00e9 in\u00e9dito: log\u00edstica reversa. Os demais s\u00e3o automa\u00e7\u00e3o predial, enfermagem do trabalho, enfermagem no atendimento em urg\u00eancia e emerg\u00eancia intra e extra-hospitalar, gest\u00e3o de unidades de alimenta\u00e7\u00e3o e nutri\u00e7\u00e3o.<\/p>\n<p>Para fazer a inscri\u00e7\u00e3o, al\u00e9m de ter conclu\u00eddo o ensino m\u00e9dio o candidato precisa ter cursado integralmente o ensino t\u00e9cnico associado ao curso de especializa\u00e7\u00e3o, conforme rela\u00e7\u00e3o dispon\u00edvel no site.<\/p>\n<p>Certifica\u00e7\u00e3o de Compet\u00eancia<br \/>\nH\u00e1\u00a0vagas remanescentes de segundo m\u00f3dulo para nove cursos t\u00e9cnicos: administra\u00e7\u00e3o, edifica\u00e7\u00f5es, eletr\u00f4nica, inform\u00e1tica, log\u00edstica, mec\u00e2nica, mecatr\u00f4nica, recursos humanos e seguran\u00e7a do trabalho. Os interessados devem ter conclu\u00eddo o ensino m\u00e9dio e ter experi\u00eancia profissional na \u00e1rea do curso.<\/p>\n<p>Inclus\u00e3o social<br \/>\nO Sistema de Pontua\u00e7\u00e3o Acrescida concede acr\u00e9scimo de pontos \u00e0 nota final obtida no exame, sendo 3% a estudantes afrodescendentes e 10% a oriundos da rede p\u00fablica. Se o candidato estiver nas duas situa\u00e7\u00f5es, recebe 13% de b\u00f4nus.<\/p>\n<p>Para ter direito ao b\u00f4nus, o candidato afrodescendente e\/ou oriundo da rede p\u00fablica deve fazer a autodeclara\u00e7\u00e3o no ato da inscri\u00e7\u00e3o. \u00c9 imprescind\u00edvel ler o Manual do Candidato, integralmente e atentamente, antes de fazer a inscri\u00e7\u00e3o, para ter conhecimento de todos as regras e evitar desclassifica\u00e7\u00e3o do processo seletivo.<\/p>\n<p>Para mais informa\u00e7\u00f5es, acesse o .<\/p>\n<p>Do Portal do Governo do Estado SP<\/p>\n","protected":false},"excerpt":{"rendered":"<p>O Vestibulinho das Etecs abre suas inscri\u00e7\u00f5es no dia 6 de outubro para o processo seletivo das Escolas T\u00e9cnicas Estaduais. Os interessados devem se inscrever at\u00e9 \u00e0s 15h do dia 10 de novembro.\u00a0Para isso, \u00e9 preciso imprimir o boleto banc\u00e1rio e pagar a taxa de R$ 30 em qualquer ag\u00eancia banc\u00e1ria. Ao todo, s\u00e3o oferecidas [&hellip;]<\/p>\n","protected":false},"author":2,"featured_media":34896,"comment_status":"open","ping_status":"closed","sticky":false,"template":"","format":"standard","meta":{"tdm_status":"","tdm_grid_status":"","footnotes":""},"categories":[22,370,295],"tags":[],"class_list":{"0":"post-75976","1":"post","2":"type-post","3":"status-publish","4":"format-standard","5":"has-post-thumbnail","7":"category-brasil","8":"category-inscricao","9":"category-vestibular"},"_links":{"self":[{"href":"https:\/\/migracao.redenoticia.com.br\/noticia\/wp-json\/wp\/v2\/posts\/75976","targetHints":{"allow":["GET"]}}],"collection":[{"href":"https:\/\/migracao.redenoticia.com.br\/noticia\/wp-json\/wp\/v2\/posts"}],"about":[{"href":"https:\/\/migracao.redenoticia.com.br\/noticia\/wp-json\/wp\/v2\/types\/post"}],"author":[{"embeddable":true,"href":"https:\/\/migracao.redenoticia.com.br\/noticia\/wp-json\/wp\/v2\/users\/2"}],"replies":[{"embeddable":true,"href":"https:\/\/migracao.redenoticia.com.br\/noticia\/wp-json\/wp\/v2\/comments?post=75976"}],"version-history":[{"count":0,"href":"https:\/\/migracao.redenoticia.com.br\/noticia\/wp-json\/wp\/v2\/posts\/75976\/revisions"}],"wp:featuredmedia":[{"embeddable":true,"href":"https:\/\/migracao.redenoticia.com.br\/noticia\/wp-json\/wp\/v2\/media\/34896"}],"wp:attachment":[{"href":"https:\/\/migracao.redenoticia.com.br\/noticia\/wp-json\/wp\/v2\/media?parent=75976"}],"wp:term":[{"taxonomy":"category","embeddable":true,"href":"https:\/\/migracao.redenoticia.com.br\/noticia\/wp-json\/wp\/v2\/categories?post=75976"},{"taxonomy":"post_tag","embeddable":true,"href":"https:\/\/migracao.redenoticia.com.br\/noticia\/wp-json\/wp\/v2\/tags?post=75976"}],"curies":[{"name":"wp","href":"https:\/\/api.w.org\/{rel}","templated":true}]}}