{"id":76033,"date":"2015-10-06T19:44:31","date_gmt":"2015-10-06T22:44:31","guid":{"rendered":"http:\/\/www.redenoticia.com.br\/noticia\/?p=76033"},"modified":"2015-10-06T19:44:31","modified_gmt":"2015-10-06T22:44:31","slug":"emprego-na-construcao-tem-18a-queda-consecutiva","status":"publish","type":"post","link":"https:\/\/migracao.redenoticia.com.br\/noticia\/2015\/emprego-na-construcao-tem-18a-queda-consecutiva\/76033","title":{"rendered":"Emprego na constru\u00e7\u00e3o tem 18\u00aa queda consecutiva"},"content":{"rendered":"<p>O <strong><em>n\u00edvel de emprego na constru\u00e7\u00e3o civil<\/em><\/strong> recuou 1,55% em agosto na compara\u00e7\u00e3o com o m\u00eas julho. \u00c9 a 18\u00aa queda consecutiva do indicador. Em 12 meses, o n\u00famero de demitidos na constru\u00e7\u00e3o em todo pa\u00eds foi 446,9 mil trabalhadores. O n\u00famero \u00e9 do Sindicato da Ind\u00fastria da Constru\u00e7\u00e3o Civil do Estado de S\u00e3o Paulo e da Funda\u00e7\u00e3o Getulio Vargas, com base em informa\u00e7\u00f5es do Minist\u00e9rio do Trabalho e do Emprego.<\/p>\n<p>Os piores resultados anuais foram observados no Centro-Oeste (-16,36%), onde a retra\u00e7\u00e3o do mercado no Distrito Federal responde pela maior parte dos postos fechados. E no Norte (-14,06%), prejudicado pelo fim das obras de Belo Monte e o adiamento das obras da usina hidrel\u00e9trica de S\u00e3o Luiz do Tapaj\u00f3s, no Par\u00e1.<\/p>\n<p>Com base nesses dados, o sindicato projeta corte de 535 mil postos de trabalho no setor em 2015, queda de 11% em rela\u00e7\u00e3o ao mesmo per\u00edodo de 2014. \u201cPor falta de perspectivas, a ind\u00fastria da constru\u00e7\u00e3o est\u00e1 descendo ladeira abaixo e desempregando, o que \u00e9 p\u00e9ssimo para o pa\u00eds\u201d, disse o presidente da entidade, Jos\u00e9 Romeu Ferraz Neto.<\/p>\n<p>Para Neto, enquanto n\u00e3o houver horizonte para a supera\u00e7\u00e3o da crise, o governo deveria colocar em dia os pagamentos do Programa de Acelera\u00e7\u00e3o do Crescimento e do Programa Minha Casa, Minha Vida, al\u00e9m de evitar aumento de impostos.<\/p>\n<p>Fl\u00e1via Albuquerque &#8211; Rep\u00f3rter da Ag\u00eancia Brasil<br \/>\nEdi\u00e7\u00e3o: Beto Coura<\/p>\n","protected":false},"excerpt":{"rendered":"<p>O n\u00edvel de emprego na constru\u00e7\u00e3o civil recuou 1,55% em agosto na compara\u00e7\u00e3o com o m\u00eas julho. \u00c9 a 18\u00aa queda consecutiva do indicador. Em 12 meses, o n\u00famero de demitidos na constru\u00e7\u00e3o em todo pa\u00eds foi 446,9 mil trabalhadores. O n\u00famero \u00e9 do Sindicato da Ind\u00fastria da Constru\u00e7\u00e3o Civil do Estado de S\u00e3o Paulo [&hellip;]<\/p>\n","protected":false},"author":2,"featured_media":57584,"comment_status":"open","ping_status":"closed","sticky":false,"template":"","format":"standard","meta":{"tdm_status":"","tdm_grid_status":"","footnotes":""},"categories":[22,7],"tags":[],"class_list":{"0":"post-76033","1":"post","2":"type-post","3":"status-publish","4":"format-standard","5":"has-post-thumbnail","7":"category-brasil","8":"category-economia"},"_links":{"self":[{"href":"https:\/\/migracao.redenoticia.com.br\/noticia\/wp-json\/wp\/v2\/posts\/76033","targetHints":{"allow":["GET"]}}],"collection":[{"href":"https:\/\/migracao.redenoticia.com.br\/noticia\/wp-json\/wp\/v2\/posts"}],"about":[{"href":"https:\/\/migracao.redenoticia.com.br\/noticia\/wp-json\/wp\/v2\/types\/post"}],"author":[{"embeddable":true,"href":"https:\/\/migracao.redenoticia.com.br\/noticia\/wp-json\/wp\/v2\/users\/2"}],"replies":[{"embeddable":true,"href":"https:\/\/migracao.redenoticia.com.br\/noticia\/wp-json\/wp\/v2\/comments?post=76033"}],"version-history":[{"count":0,"href":"https:\/\/migracao.redenoticia.com.br\/noticia\/wp-json\/wp\/v2\/posts\/76033\/revisions"}],"wp:featuredmedia":[{"embeddable":true,"href":"https:\/\/migracao.redenoticia.com.br\/noticia\/wp-json\/wp\/v2\/media\/57584"}],"wp:attachment":[{"href":"https:\/\/migracao.redenoticia.com.br\/noticia\/wp-json\/wp\/v2\/media?parent=76033"}],"wp:term":[{"taxonomy":"category","embeddable":true,"href":"https:\/\/migracao.redenoticia.com.br\/noticia\/wp-json\/wp\/v2\/categories?post=76033"},{"taxonomy":"post_tag","embeddable":true,"href":"https:\/\/migracao.redenoticia.com.br\/noticia\/wp-json\/wp\/v2\/tags?post=76033"}],"curies":[{"name":"wp","href":"https:\/\/api.w.org\/{rel}","templated":true}]}}