{"id":76045,"date":"2015-10-06T19:43:34","date_gmt":"2015-10-06T22:43:34","guid":{"rendered":"http:\/\/www.redenoticia.com.br\/noticia\/?p=76045"},"modified":"2015-10-06T19:43:34","modified_gmt":"2015-10-06T22:43:34","slug":"poupanca-tem-maior-retirada-liquida-da-historia-para-meses-de-setembro","status":"publish","type":"post","link":"https:\/\/migracao.redenoticia.com.br\/noticia\/2015\/poupanca-tem-maior-retirada-liquida-da-historia-para-meses-de-setembro\/76045","title":{"rendered":"Poupan\u00e7a tem maior retirada l\u00edquida da hist\u00f3ria para meses de setembro"},"content":{"rendered":"<p>Pelo nono m\u00eas seguido, a <strong><em>poupan\u00e7a<\/em><\/strong> registrou perda de recursos. Segundo dados divulgados pelo Banco Central, os correntistas retiraram R$ 5,293 bilh\u00f5es a mais do que depositaram em setembro. A caderneta registrou a pior capta\u00e7\u00e3o l\u00edquida (diferen\u00e7a entre dep\u00f3sitos e retiradas) da hist\u00f3ria para o m\u00eas.<\/p>\n<p>No m\u00eas passado, os brasileiros depositaram R$ 158,178 bilh\u00f5es na poupan\u00e7a, mas retiraram R$ 163,471 bilh\u00f5es. O resultado negativo de setembro, no entanto, apresentou leve melhora em rela\u00e7\u00e3o ao de agosto, quando a capta\u00e7\u00e3o l\u00edquida tinha ficado negativa em R$ 7,502 bilh\u00f5es.<\/p>\n<p>De janeiro a setembro, os investidores sacaram R$ 53,791 bilh\u00f5es a mais do que depositaram na poupan\u00e7a, tamb\u00e9m a pior capta\u00e7\u00e3o l\u00edquida registrada para o per\u00edodo. Nos nove primeiros meses do ano, os dep\u00f3sitos somaram R$ 1,391 trilh\u00e3o, mas os saques totalizaram R$ 1,445 trilh\u00e3o.<\/p>\n<p>Nos \u00faltimos meses, v\u00e1rios fatores est\u00e3o provocando a fuga de recursos da poupan\u00e7a. Em primeiro lugar, a alta da Selic (taxa b\u00e1sica de juros da economia) tornou a poupan\u00e7a menos atraente que outras aplica\u00e7\u00f5es. Segundo a Associa\u00e7\u00e3o Nacional dos Executivos de Finan\u00e7as, Administra\u00e7\u00e3o e Contabilidade (Anefac), a caderneta \u00e9 mais vantajosa do que os fundos de investimento apenas quando as aplica\u00e7\u00f5es s\u00e3o inferiores a seis meses, apesar de a poupan\u00e7a ser isenta de Imposto de Renda e de taxas de administra\u00e7\u00e3o.<\/p>\n<p>A alta da infla\u00e7\u00e3o tamb\u00e9m contribuiu para a perda de atratividade da poupan\u00e7a. Nos \u00faltimos 12 meses, a caderneta rendeu 7,78%, o equivalente \u00e0 Taxa Referencial mais 6,17% ao ano. A infla\u00e7\u00e3o pelo \u00cdndice Nacional de Pre\u00e7os ao Consumidor Amplo, no entanto, est\u00e1 em 9,53%, puxada pela alta de pre\u00e7os administrados, como combust\u00edveis e energia. O aumento dos pre\u00e7os e do endividamento dos consumidores tamb\u00e9m diminui a sobra de recursos a ser aplicada na caderneta.<\/p>\n<p>A fuga de recursos da caderneta provocou problemas no cr\u00e9dito imobili\u00e1rio porque os dep\u00f3sitos da poupan\u00e7a s\u00e3o usados para financiamento de im\u00f3veis. No primeiro semestre, o Conselho Monet\u00e1rio Nacional (CMN) remanejou R$ 22,5 bilh\u00f5es de compuls\u00f3rios \u2013 parcela que os bancos s\u00e3o obrigados a manter depositada no Banco Central \u2013 para evitar a escassez de recursos para o setor.<\/p>\n<p>Wellton M\u00e1ximo \u2013 Rep\u00f3rter da Ag\u00eancia Brasil<br \/>\nEdi\u00e7\u00e3o: N\u00e1dia Franco<\/p>\n","protected":false},"excerpt":{"rendered":"<p>Pelo nono m\u00eas seguido, a poupan\u00e7a registrou perda de recursos. Segundo dados divulgados pelo Banco Central, os correntistas retiraram R$ 5,293 bilh\u00f5es a mais do que depositaram em setembro. A caderneta registrou a pior capta\u00e7\u00e3o l\u00edquida (diferen\u00e7a entre dep\u00f3sitos e retiradas) da hist\u00f3ria para o m\u00eas. No m\u00eas passado, os brasileiros depositaram R$ 158,178 bilh\u00f5es [&hellip;]<\/p>\n","protected":false},"author":2,"featured_media":38938,"comment_status":"open","ping_status":"closed","sticky":false,"template":"","format":"standard","meta":{"tdm_status":"","tdm_grid_status":"","footnotes":""},"categories":[22,7],"tags":[],"class_list":{"0":"post-76045","1":"post","2":"type-post","3":"status-publish","4":"format-standard","5":"has-post-thumbnail","7":"category-brasil","8":"category-economia"},"_links":{"self":[{"href":"https:\/\/migracao.redenoticia.com.br\/noticia\/wp-json\/wp\/v2\/posts\/76045","targetHints":{"allow":["GET"]}}],"collection":[{"href":"https:\/\/migracao.redenoticia.com.br\/noticia\/wp-json\/wp\/v2\/posts"}],"about":[{"href":"https:\/\/migracao.redenoticia.com.br\/noticia\/wp-json\/wp\/v2\/types\/post"}],"author":[{"embeddable":true,"href":"https:\/\/migracao.redenoticia.com.br\/noticia\/wp-json\/wp\/v2\/users\/2"}],"replies":[{"embeddable":true,"href":"https:\/\/migracao.redenoticia.com.br\/noticia\/wp-json\/wp\/v2\/comments?post=76045"}],"version-history":[{"count":0,"href":"https:\/\/migracao.redenoticia.com.br\/noticia\/wp-json\/wp\/v2\/posts\/76045\/revisions"}],"wp:featuredmedia":[{"embeddable":true,"href":"https:\/\/migracao.redenoticia.com.br\/noticia\/wp-json\/wp\/v2\/media\/38938"}],"wp:attachment":[{"href":"https:\/\/migracao.redenoticia.com.br\/noticia\/wp-json\/wp\/v2\/media?parent=76045"}],"wp:term":[{"taxonomy":"category","embeddable":true,"href":"https:\/\/migracao.redenoticia.com.br\/noticia\/wp-json\/wp\/v2\/categories?post=76045"},{"taxonomy":"post_tag","embeddable":true,"href":"https:\/\/migracao.redenoticia.com.br\/noticia\/wp-json\/wp\/v2\/tags?post=76045"}],"curies":[{"name":"wp","href":"https:\/\/api.w.org\/{rel}","templated":true}]}}