{"id":76106,"date":"2015-10-08T17:03:27","date_gmt":"2015-10-08T20:03:27","guid":{"rendered":"http:\/\/www.redenoticia.com.br\/noticia\/?p=76106"},"modified":"2015-10-08T17:03:27","modified_gmt":"2015-10-08T20:03:27","slug":"unb-divulga-oportunidades-para-transferencia-facultativa","status":"publish","type":"post","link":"https:\/\/migracao.redenoticia.com.br\/noticia\/2015\/unb-divulga-oportunidades-para-transferencia-facultativa\/76106","title":{"rendered":"UnB divulga oportunidades para Transfer\u00eancia Facultativa"},"content":{"rendered":"<p>A Universidade de Bras\u00edlia (UnB) publicou edital com as condi\u00e7\u00f5es de habilita\u00e7\u00e3o \u00e0s vagas oferecidas para admiss\u00e3o em seus cursos de gradua\u00e7\u00e3o, na modalidade <em><strong>Transfer\u00eancia Facultativa<\/strong><\/em>. No total, a Institui\u00e7\u00e3o oferece 1.308 vagas distribu\u00eddas entre 93 cursos nos quatro campi \u2013 Darcy Ribeiro, Ceil\u00e2ndia, Gama e Planaltina. O in\u00edcio das aulas ser\u00e1 no primeiro semestre de 2016.<\/p>\n<p>As inscri\u00e7\u00f5es poder\u00e3o ser feitas entre os dias 7 e 15 de outubro, pelo endere\u00e7o eletr\u00f4nico\u00a0. A taxa \u00e9 R$ 100,00.<\/p>\n<p>Para participar, os candidatos devem confirmar que s\u00e3o alunos regulares em uma institui\u00e7\u00e3o de ensino superior \u00e0 \u00e9poca da inscri\u00e7\u00e3o e, ainda, que cumpriram no m\u00ednimo 20% e no m\u00e1ximo 75% do total da carga hor\u00e1ria exigida para integraliza\u00e7\u00e3o do curso na UnB.<\/p>\n<p>ETAPAS \u2013 A sele\u00e7\u00e3o ser\u00e1 realizada em etapas. Na primeira, os candidatos ter\u00e3o seu hist\u00f3rico escolar analisado pela Secretaria de Administra\u00e7\u00e3o Acad\u00eamica (SAA) da Universidade. Em seguida, haver\u00e1 a aplica\u00e7\u00e3o de prova escrita, contendo cinco quest\u00f5es a respeito de conhecimentos espec\u00edficos do curso pretendido. A prova est\u00e1 prevista para 13 de dezembro.<\/p>\n<p>Ainda haver\u00e1 etapa de avalia\u00e7\u00e3o de porta-f\u00f3lio para os candidatos que desejarem concorrer aos cursos que exigem a apresenta\u00e7\u00e3o do documento. S\u00e3o eles: Artes Pl\u00e1sticas (Bacharelado\/Licenciatura), Artes Pl\u00e1sticas (Licenciatura), Design (Bacharelado), M\u00fasica (Bacharelado) e M\u00fasica (Licenciatura).<\/p>\n<p>SERVI\u00c7O<br \/>\nSele\u00e7\u00e3o: Admiss\u00e3o por Transfer\u00eancia Facultativa<br \/>\nVagas: 1.308<br \/>\nCursos: 93, nos campi Darcy Ribeiro, Gama, Planaltina e Ceil\u00e2ndia<br \/>\nInscri\u00e7\u00f5es: entre os dias 7 e 15 de outubro<br \/>\nTaxa: R$ 100,00<br \/>\nProva escrita: 13 de dezembro<\/p>\n<p>CONTATO<br \/>\nOutras informa\u00e7\u00f5es no site  ou na Central de Atendimento ao Candidato do Cespe, de segunda a sexta, das 7h30 \u00e0s 20h30 \u2013 CampusUniversit\u00e1rio Darcy Ribeiro, Sede do Cespe \u2013 telefone (61) 3448 0100.<\/p>\n","protected":false},"excerpt":{"rendered":"<p>A Universidade de Bras\u00edlia (UnB) publicou edital com as condi\u00e7\u00f5es de habilita\u00e7\u00e3o \u00e0s vagas oferecidas para admiss\u00e3o em seus cursos de gradua\u00e7\u00e3o, na modalidade Transfer\u00eancia Facultativa. No total, a Institui\u00e7\u00e3o oferece 1.308 vagas distribu\u00eddas entre 93 cursos nos quatro campi \u2013 Darcy Ribeiro, Ceil\u00e2ndia, Gama e Planaltina. O in\u00edcio das aulas ser\u00e1 no primeiro semestre [&hellip;]<\/p>\n","protected":false},"author":2,"featured_media":36262,"comment_status":"open","ping_status":"closed","sticky":false,"template":"","format":"standard","meta":{"tdm_status":"","tdm_grid_status":"","footnotes":""},"categories":[22,370,295],"tags":[],"class_list":{"0":"post-76106","1":"post","2":"type-post","3":"status-publish","4":"format-standard","5":"has-post-thumbnail","7":"category-brasil","8":"category-inscricao","9":"category-vestibular"},"_links":{"self":[{"href":"https:\/\/migracao.redenoticia.com.br\/noticia\/wp-json\/wp\/v2\/posts\/76106","targetHints":{"allow":["GET"]}}],"collection":[{"href":"https:\/\/migracao.redenoticia.com.br\/noticia\/wp-json\/wp\/v2\/posts"}],"about":[{"href":"https:\/\/migracao.redenoticia.com.br\/noticia\/wp-json\/wp\/v2\/types\/post"}],"author":[{"embeddable":true,"href":"https:\/\/migracao.redenoticia.com.br\/noticia\/wp-json\/wp\/v2\/users\/2"}],"replies":[{"embeddable":true,"href":"https:\/\/migracao.redenoticia.com.br\/noticia\/wp-json\/wp\/v2\/comments?post=76106"}],"version-history":[{"count":0,"href":"https:\/\/migracao.redenoticia.com.br\/noticia\/wp-json\/wp\/v2\/posts\/76106\/revisions"}],"wp:featuredmedia":[{"embeddable":true,"href":"https:\/\/migracao.redenoticia.com.br\/noticia\/wp-json\/wp\/v2\/media\/36262"}],"wp:attachment":[{"href":"https:\/\/migracao.redenoticia.com.br\/noticia\/wp-json\/wp\/v2\/media?parent=76106"}],"wp:term":[{"taxonomy":"category","embeddable":true,"href":"https:\/\/migracao.redenoticia.com.br\/noticia\/wp-json\/wp\/v2\/categories?post=76106"},{"taxonomy":"post_tag","embeddable":true,"href":"https:\/\/migracao.redenoticia.com.br\/noticia\/wp-json\/wp\/v2\/tags?post=76106"}],"curies":[{"name":"wp","href":"https:\/\/api.w.org\/{rel}","templated":true}]}}