{"id":7615,"date":"2009-08-05T10:43:52","date_gmt":"2009-08-05T14:43:52","guid":{"rendered":"http:\/\/www.redenoticia.com.br\/noticia\/?p=7615"},"modified":"2009-08-05T10:43:52","modified_gmt":"2009-08-05T14:43:52","slug":"quatro-tempestades-atuam-no-oceano-pacifico","status":"publish","type":"post","link":"https:\/\/migracao.redenoticia.com.br\/noticia\/2009\/quatro-tempestades-atuam-no-oceano-pacifico\/7615","title":{"rendered":"Quatro tempestades atuam no oceano Pac\u00edfico"},"content":{"rendered":"<p>O furac\u00e3o Felicia, que est\u00e1 posicionado no Oceano Pac\u00edfico Nordeste, est\u00e1 com ventos na ordem dos 162km\/h na manh\u00e3 desta segunda-feira. Felicia ir\u00e1 aumentar de intensidade ao longo do dia, chegando aos 190km\/h e \u00e0 categoria 3 na escala Saffir-Simpson de classifica\u00e7\u00e3o de furac\u00f5es. Por\u00e9m, Felicia n\u00e3o amea\u00e7a diretamente nenhuma ilha ou pa\u00eds e tudo indica que seguir\u00e1 oceano adentro.<\/p>\n<p>A tempestade tropical Enrique tamb\u00e9m est\u00e1 posicionada no Oceano Pac\u00edfico Nordeste e mant\u00e9m ventos de 81km\/h. Segundo previs\u00f5es do University College London, Enrique dever\u00e1 diminuir sua intensidade e passar \u00e0 categoria de depress\u00e3o tropical dentro de 21h. Enrique tamb\u00e9m segue para mar aberto e n\u00e3o h\u00e1 regi\u00f5es em alerta.<\/p>\n<p>No outro lado do Oceano Pac\u00edfico, a leste de Taiwan, a tempestade tropical Morakot ganha intensidade e nesta manh\u00e3 de quarta-feira est\u00e1 com ventos de 100km\/h. Morakot dever\u00e1 ficar ainda pior e atingir a categoria de furac\u00e3o de n\u00edvel 1 ainda hoje. A tormenta segue para Taiwan e h\u00e1 alerta vermleho de chuvas e ventos fortes para aquele pa\u00eds, para o sudeste da China e para as ilhas japonesas de Okinawa j\u00e1 para amanh\u00e3. Esta tormenta pode se intensificar ainda mais e atingir ventos de 171km\/h em 48 horas.<\/p>\n<p>Por fim, a depress\u00e3o tropical Goni tamb\u00e9m atua no Pac\u00edfico Noroeste e nesta manh\u00e3 atinge Hong Kong e deve adentrar a China. Os ventos s\u00e3o da ordem dos 45km\/h e devem enfraquecer ao longo do dia de hoje. A previs\u00e3o \u00e9 de que esta depress\u00e3o tropical morra em 24 horas.<\/p>\n","protected":false},"excerpt":{"rendered":"<p>O furac\u00e3o Felicia, que est\u00e1 posicionado no Oceano Pac\u00edfico Nordeste, est\u00e1 com ventos na ordem dos 162km\/h na manh\u00e3 desta segunda-feira. Felicia ir\u00e1 aumentar de intensidade ao longo do dia, chegando aos 190km\/h e \u00e0 categoria 3 na escala Saffir-Simpson de classifica\u00e7\u00e3o de furac\u00f5es. Por\u00e9m, Felicia n\u00e3o amea\u00e7a diretamente nenhuma ilha ou pa\u00eds e tudo [&hellip;]<\/p>\n","protected":false},"author":3,"featured_media":0,"comment_status":"open","ping_status":"open","sticky":false,"template":"","format":"standard","meta":{"tdm_status":"","tdm_grid_status":"","footnotes":""},"categories":[22,327],"tags":[],"class_list":{"0":"post-7615","1":"post","2":"type-post","3":"status-publish","4":"format-standard","6":"category-brasil","7":"category-clima"},"_links":{"self":[{"href":"https:\/\/migracao.redenoticia.com.br\/noticia\/wp-json\/wp\/v2\/posts\/7615","targetHints":{"allow":["GET"]}}],"collection":[{"href":"https:\/\/migracao.redenoticia.com.br\/noticia\/wp-json\/wp\/v2\/posts"}],"about":[{"href":"https:\/\/migracao.redenoticia.com.br\/noticia\/wp-json\/wp\/v2\/types\/post"}],"author":[{"embeddable":true,"href":"https:\/\/migracao.redenoticia.com.br\/noticia\/wp-json\/wp\/v2\/users\/3"}],"replies":[{"embeddable":true,"href":"https:\/\/migracao.redenoticia.com.br\/noticia\/wp-json\/wp\/v2\/comments?post=7615"}],"version-history":[{"count":0,"href":"https:\/\/migracao.redenoticia.com.br\/noticia\/wp-json\/wp\/v2\/posts\/7615\/revisions"}],"wp:attachment":[{"href":"https:\/\/migracao.redenoticia.com.br\/noticia\/wp-json\/wp\/v2\/media?parent=7615"}],"wp:term":[{"taxonomy":"category","embeddable":true,"href":"https:\/\/migracao.redenoticia.com.br\/noticia\/wp-json\/wp\/v2\/categories?post=7615"},{"taxonomy":"post_tag","embeddable":true,"href":"https:\/\/migracao.redenoticia.com.br\/noticia\/wp-json\/wp\/v2\/tags?post=7615"}],"curies":[{"name":"wp","href":"https:\/\/api.w.org\/{rel}","templated":true}]}}