{"id":7617,"date":"2009-08-05T10:53:13","date_gmt":"2009-08-05T14:53:13","guid":{"rendered":"http:\/\/www.redenoticia.com.br\/noticia\/?p=7617"},"modified":"2009-08-05T10:53:13","modified_gmt":"2009-08-05T14:53:13","slug":"previsao-do-tempo-indica-chuva-em-roraima-e-nebulosidade-no-sudeste","status":"publish","type":"post","link":"https:\/\/migracao.redenoticia.com.br\/noticia\/2009\/previsao-do-tempo-indica-chuva-em-roraima-e-nebulosidade-no-sudeste\/7617","title":{"rendered":"Previs\u00e3o do tempo indica chuva em Roraima e nebulosidade no Sudeste"},"content":{"rendered":"<p>Previs\u00e3o do tempo Somar indica que uma grande massa de ar tropical toma conta do Centro-Oeste e mant\u00e9m o tempo aberto, sem nuvens na maior parte da Regi\u00e3o. Mais ao norte do Brasil, nuvens carregadas provocam chuvas na forma de pancadas no leste do Nordeste e a parte dos Estados do Amazonas e de Roraima. Por outro lado, uma frente fria ainda permanece pr\u00f3xima \u00e0 costa do Sudeste e provoca nebulosidade e chuvas fracas entre o Rio de Janeiro, Esp\u00edrito Santo e Minas Gerais nesta manh\u00e3 de quarta-feira. A quantidade de nuvens tamb\u00e9m aumentou no norte do Estado de S\u00e3o Paulo, mas neste caso, as nuvens est\u00e3o associadas com a propaga\u00e7\u00e3o de \u00e1reas de instabilidade. J\u00e1 no Rio Grande do Sul, a aproxima\u00e7\u00e3o de uma nova frente fria provoca maior quantidade de nuvens, especialmente no centro, leste e sul do Estado.\u00a0<br \/>\nDe acordo com os meteorologistas da Somar, a frente fria estaciona sobre a Regi\u00e3o Sul e provoca chuvas de mais de 100mm para boa parte do Rio Grande do Sul, 50mm ao sul de Santa Catarina e 15mm ao sul do Paran\u00e1 at\u00e9 o dia 9 de agosto.<\/p>\n<p>No centro e norte do Paran\u00e1, no Sudeste, no Centro-Oeste, no interior do Nordeste e em boa parte da Regi\u00e3o Norte, o tempo permanece seco, ensolarado e quente. As chuvas no Norte e Nordeste atingem apenas o leste e norte do Nordeste e o norte e oeste da Regi\u00e3o Norte e n\u00e3o h\u00e1 previs\u00e3o de grandes acumulados.<\/p>\n","protected":false},"excerpt":{"rendered":"<p>Previs\u00e3o do tempo Somar indica que uma grande massa de ar tropical toma conta do Centro-Oeste e mant\u00e9m o tempo aberto, sem nuvens na maior parte da Regi\u00e3o. Mais ao norte do Brasil, nuvens carregadas provocam chuvas na forma de pancadas no leste do Nordeste e a parte dos Estados do Amazonas e de Roraima. [&hellip;]<\/p>\n","protected":false},"author":3,"featured_media":0,"comment_status":"open","ping_status":"open","sticky":false,"template":"","format":"standard","meta":{"tdm_status":"","tdm_grid_status":"","footnotes":""},"categories":[22,327],"tags":[],"class_list":{"0":"post-7617","1":"post","2":"type-post","3":"status-publish","4":"format-standard","6":"category-brasil","7":"category-clima"},"_links":{"self":[{"href":"https:\/\/migracao.redenoticia.com.br\/noticia\/wp-json\/wp\/v2\/posts\/7617","targetHints":{"allow":["GET"]}}],"collection":[{"href":"https:\/\/migracao.redenoticia.com.br\/noticia\/wp-json\/wp\/v2\/posts"}],"about":[{"href":"https:\/\/migracao.redenoticia.com.br\/noticia\/wp-json\/wp\/v2\/types\/post"}],"author":[{"embeddable":true,"href":"https:\/\/migracao.redenoticia.com.br\/noticia\/wp-json\/wp\/v2\/users\/3"}],"replies":[{"embeddable":true,"href":"https:\/\/migracao.redenoticia.com.br\/noticia\/wp-json\/wp\/v2\/comments?post=7617"}],"version-history":[{"count":0,"href":"https:\/\/migracao.redenoticia.com.br\/noticia\/wp-json\/wp\/v2\/posts\/7617\/revisions"}],"wp:attachment":[{"href":"https:\/\/migracao.redenoticia.com.br\/noticia\/wp-json\/wp\/v2\/media?parent=7617"}],"wp:term":[{"taxonomy":"category","embeddable":true,"href":"https:\/\/migracao.redenoticia.com.br\/noticia\/wp-json\/wp\/v2\/categories?post=7617"},{"taxonomy":"post_tag","embeddable":true,"href":"https:\/\/migracao.redenoticia.com.br\/noticia\/wp-json\/wp\/v2\/tags?post=7617"}],"curies":[{"name":"wp","href":"https:\/\/api.w.org\/{rel}","templated":true}]}}