{"id":7619,"date":"2009-08-05T11:09:22","date_gmt":"2009-08-05T15:09:22","guid":{"rendered":"http:\/\/www.redenoticia.com.br\/noticia\/?p=7619"},"modified":"2009-08-05T11:09:22","modified_gmt":"2009-08-05T15:09:22","slug":"previsao-de-chuva-em-parte-do-rio-grande-do-sul-nesta-quarta-feira","status":"publish","type":"post","link":"https:\/\/migracao.redenoticia.com.br\/noticia\/2009\/previsao-de-chuva-em-parte-do-rio-grande-do-sul-nesta-quarta-feira\/7619","title":{"rendered":"Previs\u00e3o de chuva em parte do Rio Grande do Sul nesta quarta-feira"},"content":{"rendered":"<p>A previs\u00e3o e de chegada de uma nova frente fria ao Sul do pa\u00eds que volta a provocar pancadas de chuva, trovoadas e decl\u00ednio da temperatura m\u00e1xima no centro, oeste e sul do Rio Grande do Sul. Em algumas localidades, especialmente do sul do Estado, as chuvas poder\u00e3o ser intensas, com acumulado de at\u00e9 30mm em apenas 24 horas.<\/p>\n<p>J\u00e1 no norte do Rio Grande do Sul, em Santa Catarina, Paran\u00e1, boa parte do Sudeste e Centro-Oeste, o tempo permanece seco, ensolarado e com temperatura em eleva\u00e7\u00e3o. Segundo os meteorologistas da Somar, faz muito calor em algumas localidades, especialmente do Centro-Oeste. Apenas entre o Esp\u00edrito Santo, zona da mata de Minas Gerais e interior do Rio de Janeiro, a antiga frente fria ainda causa chuvas fracas e isoladas.<\/p>\n<p>No Nordeste, a previs\u00e3o para esta quarta-feira \u00e9 de chuvas generalizadas no litoral leste da Regi\u00e3o, especialmente entre Alagoas e Pernambuco. Mesmo com as chuvas, as temperaturas seguem elevadas em toda a Regi\u00e3o. No Norte do pa\u00eds, tamb\u00e9m espera-se muito calor e algumas poucas pancadas de chuva no norte do Amazonas, Roraima e norte do Amap\u00e1.<\/p>\n<p>Litoral<br \/>\nO mar permanece agitado, com ondas em torno de 2m de altura e risco de ressacas na costa do Rio de Janeiro. J\u00e1 os ventos mais fortes ser\u00e3o registrados no litoral de Santa Catarina, com rajadas de at\u00e9 40km\/h.<\/p>\n<p>Quinta-feira<br \/>\nA frente fria avan\u00e7a lentamente pela Regi\u00e3o Sul e causa pancadas de chuva e trovoadas no centro e norte do Rio Grande do Sul, Santa Catarina e sul do Paran\u00e1. Ainda h\u00e1 previs\u00e3o de temporais, especialmente ao longo da Lagoa dos Patos, no leste do Rio Grande do Sul. No oeste e sul do Rio Grande do Sul, o sol retorna entre nuvens, mas a temperatura permanece baixa. Ali\u00e1s, a tend\u00eancia \u00e9 de que a m\u00e1xima n\u00e3o passe dos 20\u00b0C no Rio Grande do Sul e sul de Santa Catarina.<\/p>\n<p>Na maior parte do Paran\u00e1, em todo o Sudeste e Centro-Oeste, o tempo permanece seco, ensolarado, com temperatura em eleva\u00e7\u00e3o e baixa umidade relativa do ar. O tempo fica firme inclusive entre Minas, Rio e Esp\u00edrito Santo nesta quinta-feira.<\/p>\n<p>No leste do Nordeste, as chuvas voltam a enfraquecer e atingem especialmente o litoral de Alagoas e de Pernambuco. Na Regi\u00e3o Norte, mais uma vez o sol e o calor predominam. As chuvas atingem apenas parte do Amazonas, Roraima e Amap\u00e1.<\/p>\n","protected":false},"excerpt":{"rendered":"<p>A previs\u00e3o e de chegada de uma nova frente fria ao Sul do pa\u00eds que volta a provocar pancadas de chuva, trovoadas e decl\u00ednio da temperatura m\u00e1xima no centro, oeste e sul do Rio Grande do Sul. Em algumas localidades, especialmente do sul do Estado, as chuvas poder\u00e3o ser intensas, com acumulado de at\u00e9 30mm [&hellip;]<\/p>\n","protected":false},"author":3,"featured_media":0,"comment_status":"open","ping_status":"open","sticky":false,"template":"","format":"standard","meta":{"tdm_status":"","tdm_grid_status":"","footnotes":""},"categories":[22,327],"tags":[],"class_list":{"0":"post-7619","1":"post","2":"type-post","3":"status-publish","4":"format-standard","6":"category-brasil","7":"category-clima"},"_links":{"self":[{"href":"https:\/\/migracao.redenoticia.com.br\/noticia\/wp-json\/wp\/v2\/posts\/7619","targetHints":{"allow":["GET"]}}],"collection":[{"href":"https:\/\/migracao.redenoticia.com.br\/noticia\/wp-json\/wp\/v2\/posts"}],"about":[{"href":"https:\/\/migracao.redenoticia.com.br\/noticia\/wp-json\/wp\/v2\/types\/post"}],"author":[{"embeddable":true,"href":"https:\/\/migracao.redenoticia.com.br\/noticia\/wp-json\/wp\/v2\/users\/3"}],"replies":[{"embeddable":true,"href":"https:\/\/migracao.redenoticia.com.br\/noticia\/wp-json\/wp\/v2\/comments?post=7619"}],"version-history":[{"count":0,"href":"https:\/\/migracao.redenoticia.com.br\/noticia\/wp-json\/wp\/v2\/posts\/7619\/revisions"}],"wp:attachment":[{"href":"https:\/\/migracao.redenoticia.com.br\/noticia\/wp-json\/wp\/v2\/media?parent=7619"}],"wp:term":[{"taxonomy":"category","embeddable":true,"href":"https:\/\/migracao.redenoticia.com.br\/noticia\/wp-json\/wp\/v2\/categories?post=7619"},{"taxonomy":"post_tag","embeddable":true,"href":"https:\/\/migracao.redenoticia.com.br\/noticia\/wp-json\/wp\/v2\/tags?post=7619"}],"curies":[{"name":"wp","href":"https:\/\/api.w.org\/{rel}","templated":true}]}}