{"id":7621,"date":"2009-08-05T11:13:24","date_gmt":"2009-08-05T15:13:24","guid":{"rendered":"http:\/\/www.redenoticia.com.br\/noticia\/?p=7621"},"modified":"2009-08-05T11:13:24","modified_gmt":"2009-08-05T15:13:24","slug":"previsao-de-tempo-seco-no-parana-nesta-quarta-feira","status":"publish","type":"post","link":"https:\/\/migracao.redenoticia.com.br\/noticia\/2009\/previsao-de-tempo-seco-no-parana-nesta-quarta-feira\/7621","title":{"rendered":"Previs\u00e3o de tempo seco no Paran\u00e1 nesta quarta-feira"},"content":{"rendered":"<p>Uma nova frente fria chega ao Rio Grande do Sul at\u00e9 o final desta quarta-feira e provoca chuvas em boa parte do Estado. Apenas no norte ga\u00facho, o tempo ainda permanece seco, mas com aumento da quantidade de nuvens. Segundo os meteorologistas da Somar, a frente fria perdeu for\u00e7a nas \u00faltimas simula\u00e7\u00f5es e o acumulado previsto \u00e9 algo em torno de 30mm na Lagoa dos Patos e entre 10mm e 20mm nas demais \u00e1reas do Estado. Em Santa Catarina e no Paran\u00e1, previs\u00e3o de tempo ainda permanece seco e ensolarado. As temperaturas ficam elevadas na maior parte da Regi\u00e3o e a m\u00e1xima chega a 28\u00b0C no noroeste do Paran\u00e1. Apenas no leste, sul e oeste do Rio Grande do Sul a m\u00e1xima fica inferior a 20\u00b0C.<br \/>\nNa quinta-feira a frente fria causa chuvas no centro e norte do Rio Grande do Sul, Santa Catarina e sul do Paran\u00e1. De uma forma geral, o acumulado varia entre 10mm e 20mm. A temperatura m\u00ednima fica entre 6\u00b0C e 8\u00b0C e a m\u00e1xima n\u00e3o passa dos 20\u00b0C no centro e sul de Santa Catarina e em boa parte do Rio Grande do Sul. J\u00e1 no norte do Paran\u00e1, a m\u00e1xima atinge 28\u00b0C.<\/p>\n<p>Na sexta-feira, a frente fria estaciona e a previs\u00e3o \u00e9 de chuvas generalizadas, com acumulado de 10mm em 24 horas em boa parte do Rio Grande do Sul e de Santa Catarina, al\u00e9m do sudeste do Paran\u00e1. No extremo sul do Rio Grande do Sul, no leste e oeste de Santa Catarina e em boa parte do Paran\u00e1, o tempo segue seco. Uma onda de frio avan\u00e7a lentamente pela Regi\u00e3o Sul e a m\u00ednima fica entre 3\u00b0C e 5\u00b0C ao sul do Estado ga\u00facho e a m\u00e1xima \u00e9 de apenas 20\u00b0C na maior parte do Rio Grande do Sul, centro e leste de Santa Catarina e leste do Paran\u00e1. Apenas no noroeste do Paran\u00e1 a m\u00e1xima ainda chega a 28\u00b0C.<\/p>\n","protected":false},"excerpt":{"rendered":"<p>Uma nova frente fria chega ao Rio Grande do Sul at\u00e9 o final desta quarta-feira e provoca chuvas em boa parte do Estado. Apenas no norte ga\u00facho, o tempo ainda permanece seco, mas com aumento da quantidade de nuvens. Segundo os meteorologistas da Somar, a frente fria perdeu for\u00e7a nas \u00faltimas simula\u00e7\u00f5es e o acumulado [&hellip;]<\/p>\n","protected":false},"author":3,"featured_media":0,"comment_status":"open","ping_status":"open","sticky":false,"template":"","format":"standard","meta":{"tdm_status":"","tdm_grid_status":"","footnotes":""},"categories":[22,327],"tags":[],"class_list":{"0":"post-7621","1":"post","2":"type-post","3":"status-publish","4":"format-standard","6":"category-brasil","7":"category-clima"},"_links":{"self":[{"href":"https:\/\/migracao.redenoticia.com.br\/noticia\/wp-json\/wp\/v2\/posts\/7621","targetHints":{"allow":["GET"]}}],"collection":[{"href":"https:\/\/migracao.redenoticia.com.br\/noticia\/wp-json\/wp\/v2\/posts"}],"about":[{"href":"https:\/\/migracao.redenoticia.com.br\/noticia\/wp-json\/wp\/v2\/types\/post"}],"author":[{"embeddable":true,"href":"https:\/\/migracao.redenoticia.com.br\/noticia\/wp-json\/wp\/v2\/users\/3"}],"replies":[{"embeddable":true,"href":"https:\/\/migracao.redenoticia.com.br\/noticia\/wp-json\/wp\/v2\/comments?post=7621"}],"version-history":[{"count":0,"href":"https:\/\/migracao.redenoticia.com.br\/noticia\/wp-json\/wp\/v2\/posts\/7621\/revisions"}],"wp:attachment":[{"href":"https:\/\/migracao.redenoticia.com.br\/noticia\/wp-json\/wp\/v2\/media?parent=7621"}],"wp:term":[{"taxonomy":"category","embeddable":true,"href":"https:\/\/migracao.redenoticia.com.br\/noticia\/wp-json\/wp\/v2\/categories?post=7621"},{"taxonomy":"post_tag","embeddable":true,"href":"https:\/\/migracao.redenoticia.com.br\/noticia\/wp-json\/wp\/v2\/tags?post=7621"}],"curies":[{"name":"wp","href":"https:\/\/api.w.org\/{rel}","templated":true}]}}