{"id":7623,"date":"2009-08-05T11:17:20","date_gmt":"2009-08-05T15:17:20","guid":{"rendered":"http:\/\/www.redenoticia.com.br\/noticia\/?p=7623"},"modified":"2009-08-05T11:17:20","modified_gmt":"2009-08-05T15:17:20","slug":"previsao-de-dia-ensolarado-em-sao-paulo","status":"publish","type":"post","link":"https:\/\/migracao.redenoticia.com.br\/noticia\/2009\/previsao-de-dia-ensolarado-em-sao-paulo\/7623","title":{"rendered":"Previs\u00e3o de dia ensolarado em S\u00e3o Paulo"},"content":{"rendered":"<p>A quarta-feira come\u00e7ou com muitas nuvens e restri\u00e7\u00e3o de visibilidade em alguns bairros e aeroportos da Capital Paulista, mas logo o sol apareceu e aos poucos, as temperaturas entram em eleva\u00e7\u00e3o. Segundo os meteorologistas da Somar, previs\u00e3o de dia ensolarado em S\u00e3o Paulo e os term\u00f4metros devem atingir marcas pr\u00f3ximas dos 26\u00b0C no per\u00edodo da tarde e hoje n\u00e3o h\u00e1 previs\u00e3o de chuvas para os paulistanos.<\/p>\n<p>Amanh\u00e3 o tempo segue seco, com poucas nuvens e temperaturas ainda mais elevadas no per\u00edodo da tarde, com m\u00e1xima de at\u00e9 28\u00b0C. Na sexta-feira, a quantidade de nuvens volta a aumentar em fun\u00e7\u00e3o da presen\u00e7a de uma frente fria de fraca intensidade no litoral de S\u00e3o Paulo e h\u00e1 previs\u00e3o de garoa entre a madrugada e o per\u00edodo da manh\u00e3.<\/p>\n<p>Na sexta-feira, a frente fria estaciona e a previs\u00e3o \u00e9 de chuvas generalizadas, com acumulado de 10mm em 24 horas em boa parte do Rio Grande do Sul e de Santa Catarina, al\u00e9m do sudeste do Paran\u00e1. No extremo sul do Rio Grande do Sul, no leste e oeste de Santa Catarina e em boa parte do Paran\u00e1, o tempo segue seco. Uma onda de frio avan\u00e7a lentamente pela Regi\u00e3o Sul e a m\u00ednima fica entre 3\u00b0C e 5\u00b0C ao sul do Estado ga\u00facho e a m\u00e1xima \u00e9 de apenas 20\u00b0C na maior parte do Rio Grande do Sul, centro e leste de Santa Catarina e leste do Paran\u00e1. Apenas no noroeste do Paran\u00e1 a m\u00e1xima ainda chega a 28\u00b0C.<\/p>\n","protected":false},"excerpt":{"rendered":"<p>A quarta-feira come\u00e7ou com muitas nuvens e restri\u00e7\u00e3o de visibilidade em alguns bairros e aeroportos da Capital Paulista, mas logo o sol apareceu e aos poucos, as temperaturas entram em eleva\u00e7\u00e3o. Segundo os meteorologistas da Somar, previs\u00e3o de dia ensolarado em S\u00e3o Paulo e os term\u00f4metros devem atingir marcas pr\u00f3ximas dos 26\u00b0C no per\u00edodo da [&hellip;]<\/p>\n","protected":false},"author":3,"featured_media":0,"comment_status":"open","ping_status":"open","sticky":false,"template":"","format":"standard","meta":{"tdm_status":"","tdm_grid_status":"","footnotes":""},"categories":[22,327],"tags":[],"class_list":{"0":"post-7623","1":"post","2":"type-post","3":"status-publish","4":"format-standard","6":"category-brasil","7":"category-clima"},"_links":{"self":[{"href":"https:\/\/migracao.redenoticia.com.br\/noticia\/wp-json\/wp\/v2\/posts\/7623","targetHints":{"allow":["GET"]}}],"collection":[{"href":"https:\/\/migracao.redenoticia.com.br\/noticia\/wp-json\/wp\/v2\/posts"}],"about":[{"href":"https:\/\/migracao.redenoticia.com.br\/noticia\/wp-json\/wp\/v2\/types\/post"}],"author":[{"embeddable":true,"href":"https:\/\/migracao.redenoticia.com.br\/noticia\/wp-json\/wp\/v2\/users\/3"}],"replies":[{"embeddable":true,"href":"https:\/\/migracao.redenoticia.com.br\/noticia\/wp-json\/wp\/v2\/comments?post=7623"}],"version-history":[{"count":0,"href":"https:\/\/migracao.redenoticia.com.br\/noticia\/wp-json\/wp\/v2\/posts\/7623\/revisions"}],"wp:attachment":[{"href":"https:\/\/migracao.redenoticia.com.br\/noticia\/wp-json\/wp\/v2\/media?parent=7623"}],"wp:term":[{"taxonomy":"category","embeddable":true,"href":"https:\/\/migracao.redenoticia.com.br\/noticia\/wp-json\/wp\/v2\/categories?post=7623"},{"taxonomy":"post_tag","embeddable":true,"href":"https:\/\/migracao.redenoticia.com.br\/noticia\/wp-json\/wp\/v2\/tags?post=7623"}],"curies":[{"name":"wp","href":"https:\/\/api.w.org\/{rel}","templated":true}]}}