{"id":76276,"date":"2015-10-13T16:36:22","date_gmt":"2015-10-13T19:36:22","guid":{"rendered":"http:\/\/www.redenoticia.com.br\/noticia\/?p=76276"},"modified":"2015-10-13T16:36:22","modified_gmt":"2015-10-13T19:36:22","slug":"para-instituicoes-financeiras-queda-da-economia-este-ano-pode-chegar-a-297","status":"publish","type":"post","link":"https:\/\/migracao.redenoticia.com.br\/noticia\/2015\/para-instituicoes-financeiras-queda-da-economia-este-ano-pode-chegar-a-297\/76276","title":{"rendered":"Para institui\u00e7\u00f5es financeiras, queda da economia este ano pode chegar a 2,97%"},"content":{"rendered":"<p> A proje\u00e7\u00e3o de institui\u00e7\u00f5es financeiras para a retra\u00e7\u00e3o da economia continua a piorar. A estimativa para a queda do <strong><em>Produto Interno Bruto<\/em><\/strong> (PIB), soma de todos os bens e servi\u00e7os produzidos no pa\u00eds, neste ano, passou de 2,85% para 2,97%, no 13\u00ba ajuste seguido. Para o pr\u00f3ximo ano, a proje\u00e7\u00e3o passou de 1% para 1,20%. Essas proje\u00e7\u00f5es fazem parte da pesquisa feita pelo Banco Central (BC), todas as semanas.<\/p>\n<p>Na avalia\u00e7\u00e3o do mercado financeiro, a produ\u00e7\u00e3o industrial deve ter queda de 7%, este ano, contra a estimativa anterior de 6,5%. Para 2016, a proje\u00e7\u00e3o de retra\u00e7\u00e3o passou de 0,29% para 1%.<\/p>\n<p>A proje\u00e7\u00e3o para o d\u00f3lar ao final do ano segue em R$ 4. Para o fim de 2016, a estimativa para a cota\u00e7\u00e3o da moeda norte-americana subiu de R$ 4 para R$ 4,15.<\/p>\n<p>A estimativa do mercado financeiro para o \u00cdndice Nacional de Pre\u00e7os ao Consumidor Amplo (IPCA) subiu pela quarta vez seguida, ao passar de 9,53% para 9,7%, este ano. Para 2016, no d\u00e9cimo ajuste seguido, a proje\u00e7\u00e3o passou de 5,94% para 6,05%.<\/p>\n<p>As proje\u00e7\u00f5es para a infla\u00e7\u00e3o est\u00e3o acima do centro da meta (4,5%). E no caso de 2015, a estimativa supera tamb\u00e9m o teto da meta (6,5%). Para tentar levar a infla\u00e7\u00e3o ao centro da meta em 2016, o Comit\u00ea de Pol\u00edtica Monet\u00e1ria (Copom) elevou a taxa b\u00e1sica de juros, a Selic, por sete vezes consecutivas. Na reuni\u00e3o de setembro, o Copom optou por manter a Selic em 14,25% ao ano.<\/p>\n<p>A taxa \u00e9 usada nas negocia\u00e7\u00f5es de t\u00edtulos p\u00fablicos no Sistema Especial de Liquida\u00e7\u00e3o e Cust\u00f3dia (Selic) e serve como refer\u00eancia para as demais taxas de juros da economia. Ao reajust\u00e1-la para cima, o BC cont\u00e9m o excesso de demanda que pressiona os pre\u00e7os, porque os juros mais altos encarecem o cr\u00e9dito e estimulam a poupan\u00e7a. Ao manter a Selic, o comit\u00ea indica que ajustes anteriores foram suficientes para produzir efeitos na economia.<\/p>\n<p>A pesquisa do BC tamb\u00e9m traz a proje\u00e7\u00e3o para a infla\u00e7\u00e3o medida pelo \u00cdndice Geral de Pre\u00e7os \u2013 Disponibilidade Interna (IGP-DI), que passou de 8,42% para 9,15%, este ano. Para o \u00cdndice Geral de Pre\u00e7os &#8211; Mercado (IGP-M), a estimativa subiu de 8,34% para 9,15%, em 2015. A estimativa para o \u00cdndice de Pre\u00e7os ao Consumidor da Funda\u00e7\u00e3o Instituto de Pesquisas Econ\u00f4micas (IPC-Fipe) passou de 9,66% para 9,86%, este ano.<\/p>\n<p>A proje\u00e7\u00e3o para a alta dos pre\u00e7os administrados passou de 15,55% para 16%, este ano, e de 6% para 6,27%, em 2016.<\/p>\n<p>Kelly Oliveira \u2013 Rep\u00f3rter da Ag\u00eancia Brasil<br \/>\nEdi\u00e7\u00e3o: Denise Griesinger<\/p>\n","protected":false},"excerpt":{"rendered":"<p>A proje\u00e7\u00e3o de institui\u00e7\u00f5es financeiras para a retra\u00e7\u00e3o da economia continua a piorar. A estimativa para a queda do Produto Interno Bruto (PIB), soma de todos os bens e servi\u00e7os produzidos no pa\u00eds, neste ano, passou de 2,85% para 2,97%, no 13\u00ba ajuste seguido. Para o pr\u00f3ximo ano, a proje\u00e7\u00e3o passou de 1% para 1,20%. [&hellip;]<\/p>\n","protected":false},"author":2,"featured_media":57585,"comment_status":"open","ping_status":"closed","sticky":false,"template":"","format":"standard","meta":{"tdm_status":"","tdm_grid_status":"","footnotes":""},"categories":[22,7],"tags":[],"class_list":{"0":"post-76276","1":"post","2":"type-post","3":"status-publish","4":"format-standard","5":"has-post-thumbnail","7":"category-brasil","8":"category-economia"},"_links":{"self":[{"href":"https:\/\/migracao.redenoticia.com.br\/noticia\/wp-json\/wp\/v2\/posts\/76276","targetHints":{"allow":["GET"]}}],"collection":[{"href":"https:\/\/migracao.redenoticia.com.br\/noticia\/wp-json\/wp\/v2\/posts"}],"about":[{"href":"https:\/\/migracao.redenoticia.com.br\/noticia\/wp-json\/wp\/v2\/types\/post"}],"author":[{"embeddable":true,"href":"https:\/\/migracao.redenoticia.com.br\/noticia\/wp-json\/wp\/v2\/users\/2"}],"replies":[{"embeddable":true,"href":"https:\/\/migracao.redenoticia.com.br\/noticia\/wp-json\/wp\/v2\/comments?post=76276"}],"version-history":[{"count":0,"href":"https:\/\/migracao.redenoticia.com.br\/noticia\/wp-json\/wp\/v2\/posts\/76276\/revisions"}],"wp:featuredmedia":[{"embeddable":true,"href":"https:\/\/migracao.redenoticia.com.br\/noticia\/wp-json\/wp\/v2\/media\/57585"}],"wp:attachment":[{"href":"https:\/\/migracao.redenoticia.com.br\/noticia\/wp-json\/wp\/v2\/media?parent=76276"}],"wp:term":[{"taxonomy":"category","embeddable":true,"href":"https:\/\/migracao.redenoticia.com.br\/noticia\/wp-json\/wp\/v2\/categories?post=76276"},{"taxonomy":"post_tag","embeddable":true,"href":"https:\/\/migracao.redenoticia.com.br\/noticia\/wp-json\/wp\/v2\/tags?post=76276"}],"curies":[{"name":"wp","href":"https:\/\/api.w.org\/{rel}","templated":true}]}}