{"id":76278,"date":"2015-10-13T16:37:27","date_gmt":"2015-10-13T19:37:27","guid":{"rendered":"http:\/\/www.redenoticia.com.br\/noticia\/?p=76278"},"modified":"2015-10-13T16:37:27","modified_gmt":"2015-10-13T19:37:27","slug":"inflacao-para-a-terceira-idade-varia-123-no-terceiro-trimestre-mostra-fgv","status":"publish","type":"post","link":"https:\/\/migracao.redenoticia.com.br\/noticia\/2015\/inflacao-para-a-terceira-idade-varia-123-no-terceiro-trimestre-mostra-fgv\/76278","title":{"rendered":"Infla\u00e7\u00e3o para a terceira idade varia 1,23% no terceiro trimestre, mostra FGV"},"content":{"rendered":"<p> A <strong><em>infla\u00e7\u00e3o<\/em><\/strong> que mede o consumo de fam\u00edlia formadas majoritariamente por pessoas com mais de 60 anos registrou desacelera\u00e7\u00e3o de um trimestre para outro. A constata\u00e7\u00e3o \u00e9 do Instituto Brasileiro de Economia da Funda\u00e7\u00e3o Getulio Vargas (Ibre\/FGV), que divulgou o \u00cdndice de Pre\u00e7os ao Consumidor da Terceira Idade (IPC-3i). O indicador registrou, no terceiro trimestre de 2015, varia\u00e7\u00e3o de 1,23%, o que elevou o IPC-3i acumulado nos \u00faltimos 12 meses para 10,21%.<\/p>\n<p>Apesar da alta, a FGV apurou que na passagem do segundo para o terceiro trimestre de 2015, a taxa do IPC-3i registrou decr\u00e9scimo de 1,23 ponto percentual, ao passar de 2,46% para 1,23%. Segundo os dados apurados pela FGV, sete das oito classes de despesa que comp\u00f5em o \u00edndice registraram varia\u00e7\u00e3o menor.<\/p>\n<p>A principal contribui\u00e7\u00e3o para a retra\u00e7\u00e3o constata de um per\u00edodo para outro partiu do grupo alimenta\u00e7\u00e3o, cuja taxa passou de 2,34% para 0,54%. O item que mais influenciou o comportamento dessa classe de despesa foi hortali\u00e7as e legumes, com fechou com defla\u00e7\u00e3o de 16,33%. No segundo trimestre do ano, o item fechou com alta de 11,85%.<\/p>\n<p>Tamb\u00e9m contribu\u00edram para a desacelera\u00e7\u00e3o dos pre\u00e7os os grupos sa\u00fade e cuidados pessoais (3,47% para 1,82%), despesas diversas (9,31% para 0,67%), habita\u00e7\u00e3o (2,53% para 1,97%), educa\u00e7\u00e3o, leitura e recrea\u00e7\u00e3o (2,73% para 0,94%), vestu\u00e1rio (1,98% para 0,24%) e transportes (0,69% para 0,35%).<\/p>\n<p>Em contrapartida, apenas o grupo comunica\u00e7\u00e3o (0,26% para 0,77%) apresentou acr\u00e9scimo na taxa de varia\u00e7\u00e3o. O item que contribuiu para esse movimento foi mensalidade para TV por assinatura (1,89% para 4,36%).<\/p>\n<p>Nielmar de Oliveira Silva &#8211; Rep\u00f3rter da Ag\u00eancia Brasil<br \/>\nEdi\u00e7\u00e3o: Talita Cavalcante<\/p>\n","protected":false},"excerpt":{"rendered":"<p>A infla\u00e7\u00e3o que mede o consumo de fam\u00edlia formadas majoritariamente por pessoas com mais de 60 anos registrou desacelera\u00e7\u00e3o de um trimestre para outro. A constata\u00e7\u00e3o \u00e9 do Instituto Brasileiro de Economia da Funda\u00e7\u00e3o Getulio Vargas (Ibre\/FGV), que divulgou o \u00cdndice de Pre\u00e7os ao Consumidor da Terceira Idade (IPC-3i). O indicador registrou, no terceiro trimestre [&hellip;]<\/p>\n","protected":false},"author":2,"featured_media":57584,"comment_status":"open","ping_status":"closed","sticky":false,"template":"","format":"standard","meta":{"tdm_status":"","tdm_grid_status":"","footnotes":""},"categories":[22,7],"tags":[],"class_list":{"0":"post-76278","1":"post","2":"type-post","3":"status-publish","4":"format-standard","5":"has-post-thumbnail","7":"category-brasil","8":"category-economia"},"_links":{"self":[{"href":"https:\/\/migracao.redenoticia.com.br\/noticia\/wp-json\/wp\/v2\/posts\/76278","targetHints":{"allow":["GET"]}}],"collection":[{"href":"https:\/\/migracao.redenoticia.com.br\/noticia\/wp-json\/wp\/v2\/posts"}],"about":[{"href":"https:\/\/migracao.redenoticia.com.br\/noticia\/wp-json\/wp\/v2\/types\/post"}],"author":[{"embeddable":true,"href":"https:\/\/migracao.redenoticia.com.br\/noticia\/wp-json\/wp\/v2\/users\/2"}],"replies":[{"embeddable":true,"href":"https:\/\/migracao.redenoticia.com.br\/noticia\/wp-json\/wp\/v2\/comments?post=76278"}],"version-history":[{"count":0,"href":"https:\/\/migracao.redenoticia.com.br\/noticia\/wp-json\/wp\/v2\/posts\/76278\/revisions"}],"wp:featuredmedia":[{"embeddable":true,"href":"https:\/\/migracao.redenoticia.com.br\/noticia\/wp-json\/wp\/v2\/media\/57584"}],"wp:attachment":[{"href":"https:\/\/migracao.redenoticia.com.br\/noticia\/wp-json\/wp\/v2\/media?parent=76278"}],"wp:term":[{"taxonomy":"category","embeddable":true,"href":"https:\/\/migracao.redenoticia.com.br\/noticia\/wp-json\/wp\/v2\/categories?post=76278"},{"taxonomy":"post_tag","embeddable":true,"href":"https:\/\/migracao.redenoticia.com.br\/noticia\/wp-json\/wp\/v2\/tags?post=76278"}],"curies":[{"name":"wp","href":"https:\/\/api.w.org\/{rel}","templated":true}]}}